{"id":33357,"date":"2018-10-29T12:28:15","date_gmt":"2018-10-29T12:28:15","guid":{"rendered":"https:\/\/chisotti.com\/memorie-e-pensieri-dalla-forma-al-processo-oltr\/"},"modified":"2018-10-29T12:28:15","modified_gmt":"2018-10-29T12:28:15","slug":"memorie-e-pensieri-dalla-forma-al-processo-oltr","status":"publish","type":"post","link":"https:\/\/chisotti.com\/?p=33357","title":{"rendered":"Memorie e pensieri. Dalla forma al processo &#8211; oltr&#8230;"},"content":{"rendered":"<div>\n<p style=\"margin: 0px; font-stretch: normal; line-height: normal; font-family: &quot;.SF UI Display&quot;; color: rgb(69, 69, 69);\"><span style=\"font-family: &quot;.SFUIDisplay-Bold&quot;; font-weight: bold; font-size: 33pt;\">Memorie e pensieri. Dalla forma al processo &#8211; oltre la causa e l&#8217;effetto.&nbsp;Marco Chisotti.&nbsp;<\/span><\/p>\n<p style=\"margin: 9px 0px 8px; font-stretch: normal; line-height: normal; font-family: &quot;.SF UI Display&quot;; color: rgb(69, 69, 69);\"><span style=\"font-family: &quot;.SFUIDisplay&quot;; font-size: 33pt;\"><a href=\"http:\/\/1.bp.blogspot.com\/-jeP9rgbBc7M\/W1sFpFkHtpI\/AAAAAAAAAZ0\/8ITdbWyp_Tw02floFrgGoSe3It4c6FBZwCK4BGAYYCw\/s1600\/IMG_0733-775692.jpeg\"><img decoding=\"async\" alt=\"\" border=\"0\" id=\"BLOGGER_PHOTO_ID_6582861483758565010\" src=\"http:\/\/1.bp.blogspot.com\/-jeP9rgbBc7M\/W1sFpFkHtpI\/AAAAAAAAAZ0\/8ITdbWyp_Tw02floFrgGoSe3It4c6FBZwCK4BGAYYCw\/s320\/IMG_0733-775692.jpeg\" \/><\/a><\/span><\/p>\n<p style=\"margin: 0px; font-stretch: normal; line-height: normal; font-family: &quot;.SF UI Display&quot;; color: rgb(69, 69, 69);\"><span style=\"font-family: &quot;.SFUIDisplay&quot;; font-size: 33pt;\">Da 18 anni nel mese di luglio si sussegue il nostro master in ipnosi costruttivista, quasi una tradizione, e proprio nella sua semplicit\u00e0 il modello di fondo si \u00e8 conservato nel tempo.<\/span><\/p>\n<p style=\"margin: 0px; font-stretch: normal; line-height: normal; font-family: &quot;.SF UI Display&quot;; color: rgb(69, 69, 69);\"><span style=\"font-family: &quot;.SFUIDisplay&quot;; font-size: 33pt;\">La costante di tutti questi anni \u00e8 sempre stata incontrare persone che per la loro curiosit\u00e0, per il loro interesse, per la scelta coraggiosa di conoscere la propria psiche attraverso l&#8217;esperienza dell&#8217;ipnosi, si son dimostrate persone veramente particolari. Sarebbe semplice dire persone intelligenti, se solo si sapesse dire cosa si intende per intelligenza, direi che l&#8217;intelligenza \u00e8 quell&#8217;esperienza che ci permette di dare forma al processo della vita, &nbsp;e che ha bisogno di meccanismi come la causa effetto e la memoria, senza i quali non sussiste.&nbsp;<\/span><\/p>\n<p style=\"margin: 0px; font-stretch: normal; line-height: normal; font-family: &quot;.SF UI Display&quot;; color: rgb(69, 69, 69);\"><span style=\"font-family: &quot;.SFUIDisplay&quot;; font-size: 33pt;\">Anche quest&#8217;anno le esperienze vissute sono state animate ed hanno ottenuto ottimi risultati, si \u00e8 approfondito la conoscenza dell&#8217;ipnosi, dalla sua magia alla sua professionalit\u00e0.<\/span><\/p>\n<p style=\"margin: 0px; font-stretch: normal; line-height: normal; font-family: &quot;.SF UI Display&quot;; color: rgb(69, 69, 69);\"><span style=\"font-family: &quot;.SFUIDisplay&quot;; font-size: 33pt;\">In particolare tutte le spiegazioni e le esperienze che sono emerse hanno permesso di distinguere una posizione descrittiva dell&#8217;esperienza, ed una posizione effettiva del vivere l&#8217;esperienza, una forma ed un processo appunto.&nbsp;<\/span><\/p>\n<p style=\"margin: 0px; font-stretch: normal; line-height: normal; font-family: &quot;.SF UI Display&quot;; color: rgb(69, 69, 69);\"><span style=\"font-family: &quot;.SFUIDisplay&quot;; font-size: 33pt;\">La causa-effetto regola tutta la nostra vita descrittiva, la forma che diamo al nostro mondo, ma non il processo del nostro vivere, che viene propriamente regolato vivendo la nostra vita, non descrivendola.&nbsp;<\/span><\/p>\n<p style=\"margin: 0px; font-stretch: normal; line-height: normal; font-family: &quot;.SF UI Display&quot;; color: rgb(69, 69, 69);\"><span style=\"font-family: &quot;.SFUIDisplay&quot;; font-size: 33pt;\">Direi che ci siamo dedicati durante il master al processo dell&#8217;Ipnosi e le vostre brillanti intelligenze, attraverso domande, risposte, considerazioni e creativit\u00e0, lo hanno reso possibile, e per questo vi ringrazio.&nbsp;<\/span><\/p>\n<p style=\"margin: 0px; font-stretch: normal; line-height: normal; font-family: &quot;.SF UI Display&quot;; color: rgb(69, 69, 69);\"><span style=\"font-family: &quot;.SFUIDisplay&quot;; font-size: 33pt;\">La vita \u00e8 un&#8217;abitudine fatta di memorie, per molte delle quali non abbiamo consapevolezza diretta; le persone stesse sono fatte di memorie, delle quali poche sono sotto l&#8217;egemonia della consapevolezza. Il nostro pensiero attinge da un lato al ragionamento, tramite le connessioni sinaptiche che con i collegamenti, i legami, le implicazioni, generano spiegazioni e danno forma al nostro mondo. Le memorie, frutto di esperienze, sostengono le nostre azioni, il processo del vivere.&nbsp;&nbsp;<\/span><\/p>\n<p style=\"margin: 0px; font-stretch: normal; line-height: normal; font-family: &quot;.SF UI Display&quot;; color: rgb(69, 69, 69);\"><span style=\"font-family: &quot;.SFUIDisplay&quot;; font-size: 33pt;\">Immaginate di guardare attorno a voi e di prendere in considerazione pezzo per pezzo tutti gli elementi che compongono la vostra realt\u00e0: quella realt\u00e0 \u00e8 legata alla vostra memoria, la mappa che riuscite a fare delle cose che sentite e che circondano la vostra persona. Pi\u00f9 grande \u00e8 questa mappa, pi\u00f9 grande la nostra memoria, pi\u00f9 grande la complessit\u00e0 che affrontiamo di volta in volta. Non solo il cervello ha bisogno di cancellare le esperienze, per far spazio al nuovo, ha bisogno di cancellare anche le mappe, o quantomeno di cambiarle per adattarsi meglio alla vita.&nbsp;<\/span><\/p>\n<p style=\"margin: 0px; font-stretch: normal; line-height: normal; font-family: &quot;.SF UI Display&quot;; color: rgb(69, 69, 69);\"><span style=\"font-family: &quot;.SFUIDisplay&quot;; font-size: 33pt;\">Tutti voi che avete partecipato al master di quest&#8217;anno avete portato le vostre memorie e le vostre esperienze: quanto pi\u00f9 siete rimasti legati ad esse, tanto meno avete appreso &#8211; &nbsp;il nuovo richiede che si cancelli il vecchio, almeno in parte, se non si fa si raccoglie poco.&nbsp;<\/span><\/p>\n<p style=\"margin: 0px; font-stretch: normal; line-height: normal; font-family: &quot;.SF UI Display&quot;; color: rgb(69, 69, 69);\"><span style=\"font-family: &quot;.SFUIDisplay&quot;; font-size: 33pt;\">Difficile dire quale sia il confine tra ci\u00f2 che possiamo cancellare e ci\u00f2 che dobbiamo tenere. Non possiamo cancellare certe memorie in quanto esse sono la base del nostro apprendimento, molte routine quotidiane fondamentali devono rimanere perch\u00e9 sia possibile vivere la nostra vita a tutti gli effetti. Quello che mi ha colpito quest&#8217;anno nel lavoro del master \u00e8 stato proprio questo, momenti in cui si \u00e8 data forma all&#8217;ipnosi, e momenti in cui si \u00e8 vissuto il processo ipnotico.&nbsp;<\/span><\/p>\n<p style=\"margin: 0px; font-stretch: normal; line-height: normal; font-family: &quot;.SF UI Display&quot;; color: rgb(69, 69, 69);\"><span style=\"font-family: &quot;.SFUIDisplay&quot;; font-size: 33pt;\">Il senso della vita \u00e8 una percezione, prima che una spiegazione, come tale la sensazione, essendo un processo, non pu\u00f2 essere descritta se non dando forma a qualcosa che \u00e8 diverso, il mondo delle descrizioni va bilanciato dalle esperienze.&nbsp; \u00c8 questo il mio augurio, che possiate passare bei momenti fatti di esperienze che possono lasciarvi il senso di una bella forma. Che possiate star bene nel vivere esperienze nuove, in nuovi stati mentali, e che pensiate di chiamarle anche col termine &#171;Ipnosi costruttivista&#187;.<\/span><\/p>\n<p style=\"margin: 0px; font-stretch: normal; line-height: normal; font-family: &quot;.SF UI Display&quot;; color: rgb(69, 69, 69);\"><span style=\"font-family: &quot;.SFUIDisplay&quot;; font-size: 33pt;\">Se su un piano cognitivo questo spunti riguardano la mia personale esperienza, sul piano affettivo le cose stanno diversamente, \u00e8 molto bello creare un momento di condivisione, di conoscenze ed esperienze nel campo dell&#8217;ipnosi.<\/span><\/p>\n<p style=\"margin: 0px; font-stretch: normal; line-height: normal; font-family: &quot;.SF UI Display&quot;; color: rgb(69, 69, 69);\"><span style=\"font-family: &quot;.SFUIDisplay&quot;; font-size: 33pt;\">Se su un piano cognitivo questo spunti riguardano la mia personale esperienza, sul piano affettivo le cose stanno diversamente, \u00e8 molto bello creare un momento di condivisione, di conoscenze ed esperienze nel campo dell&#8217;ipnosi. Lavorare con gli stati mentali \u00e8 una cosa affascinante e particolarmente nuova, con le neuroscienze da un lato e la vita dall&#8217;altro.<\/span><\/p>\n<p style=\"margin: 0px; font-stretch: normal; line-height: normal; font-family: &quot;.SF UI Display&quot;; color: rgb(69, 69, 69);\"><span style=\"font-family: &quot;.SFUIDisplay&quot;; font-size: 33pt;\">Cos\u00ec conoscere aspetti diversi di voi, e passarvi contenuti ed esperienze di questo mondo &#171;Ipnosi&#187; \u00e8 per me sempre una conoscenza unica, un esperienza in grado di regalarmi sempre qualcosa di nuovo. Spero di rivedervi, di avere occasioni con cui dividere il mio mondo col vostro, e lo dico anche a nome di Arianna con la quale ogni giorno condivido tutto questo. Buona estate a tutti a presto.<\/span><\/p>\n<p style=\"margin: 9px 0px 8px; font-stretch: normal; line-height: normal; font-family: &quot;.SF UI Display&quot;; color: rgb(69, 69, 69);\"><span style=\"font-family: &quot;.SFUIDisplay&quot;; font-size: 33pt;\"><a href=\"http:\/\/4.bp.blogspot.com\/-WU2hzWaWsYE\/W1sFpgzMSjI\/AAAAAAAAAZ8\/6dTHlMwV7_goq_IbSrg5WlLl54EO9gQfQCK4BGAYYCw\/s1600\/IMG_0741-777658.jpeg\"><img decoding=\"async\" alt=\"\" border=\"0\" id=\"BLOGGER_PHOTO_ID_6582861491069536818\" src=\"http:\/\/4.bp.blogspot.com\/-WU2hzWaWsYE\/W1sFpgzMSjI\/AAAAAAAAAZ8\/6dTHlMwV7_goq_IbSrg5WlLl54EO9gQfQCK4BGAYYCw\/s320\/IMG_0741-777658.jpeg\" \/><\/a><\/span><\/p>\n<p style=\"margin: 0px; font-stretch: normal; line-height: normal; font-family: &quot;.SF UI Display&quot;; color: rgb(69, 69, 69);\"><span style=\"font-family: &quot;.SFUIDisplay&quot;; font-size: 33pt;\">La vita per come si propone e per come si dispone \u00e8 un&#187;esperienza unica da viversi intensamente e completamente senza aspettarsi necessariamente un domani&#8230;<\/span><\/p>\n<\/div>\n<div style='clear: both;'><\/div>\n<\/div>\n","protected":false},"excerpt":{"rendered":"<p>Memorie e pensieri. Dalla forma al processo &#8211; oltre la causa e l&#8217;effetto.&nbsp;Marco Chisotti.&nbsp; Da 18 anni nel mese di&#8230;<\/p>\n","protected":false},"author":1,"featured_media":0,"comment_status":"open","ping_status":"open","sticky":false,"template":"","format":"standard","meta":{"footnotes":""},"categories":[1],"tags":[],"class_list":{"0":"post-33357","1":"post","2":"type-post","3":"status-publish","4":"format-standard","6":"category-ipnosi-costruttivista"},"_links":{"self":[{"href":"https:\/\/chisotti.com\/index.php?rest_route=\/wp\/v2\/posts\/33357","targetHints":{"allow":["GET"]}}],"collection":[{"href":"https:\/\/chisotti.com\/index.php?rest_route=\/wp\/v2\/posts"}],"about":[{"href":"https:\/\/chisotti.com\/index.php?rest_route=\/wp\/v2\/types\/post"}],"author":[{"embeddable":true,"href":"https:\/\/chisotti.com\/index.php?rest_route=\/wp\/v2\/users\/1"}],"replies":[{"embeddable":true,"href":"https:\/\/chisotti.com\/index.php?rest_route=%2Fwp%2Fv2%2Fcomments&post=33357"}],"version-history":[{"count":0,"href":"https:\/\/chisotti.com\/index.php?rest_route=\/wp\/v2\/posts\/33357\/revisions"}],"wp:attachment":[{"href":"https:\/\/chisotti.com\/index.php?rest_route=%2Fwp%2Fv2%2Fmedia&parent=33357"}],"wp:term":[{"taxonomy":"category","embeddable":true,"href":"https:\/\/chisotti.com\/index.php?rest_route=%2Fwp%2Fv2%2Fcategories&post=33357"},{"taxonomy":"post_tag","embeddable":true,"href":"https:\/\/chisotti.com\/index.php?rest_route=%2Fwp%2Fv2%2Ftags&post=33357"}],"curies":[{"name":"wp","href":"https:\/\/api.w.org\/{rel}","templated":true}]}}