{"id":33371,"date":"2018-10-29T12:28:19","date_gmt":"2018-10-29T12:28:19","guid":{"rendered":"https:\/\/chisotti.com\/dubbi-e-certezze-tra-conscio-e-inconscio-marco-ch\/"},"modified":"2018-10-29T12:28:19","modified_gmt":"2018-10-29T12:28:19","slug":"dubbi-e-certezze-tra-conscio-e-inconscio-marco-ch","status":"publish","type":"post","link":"https:\/\/chisotti.com\/?p=33371","title":{"rendered":"Dubbi e certezze tra conscio e inconscio. Marco Ch&#8230;"},"content":{"rendered":"<div>\n<div style=\"color: #454545; font-family: &quot;.sf ui display&quot;; line-height: normal; margin: 0px 0px 4px;\">\n<span style=\"font-family: &quot;.sfuidisplay-semibold&quot;; font-size: large; font-weight: bold;\">Dubbi e certezze tra conscio e inconscio. Marco Chisotti.&nbsp;<\/span><\/div>\n<div style=\"color: #454545; font-family: &quot;.sf ui display&quot;; line-height: normal; margin: 0px; min-height: 27.4px;\">\n<span style=\"font-size: small;\"><br \/><\/span><\/div>\n<div style=\"color: #454545; font-family: &quot;.sf ui display&quot;; line-height: normal; margin: 0px;\">\n<span style=\"font-family: &quot;.sfuidisplay&quot;; font-size: small;\">Mi sto accorgendo studiando le neuroscienze, che il modo pi\u00f9 semplice per capire le cose e quello di viverle su me stesso, con tutti i limiti che questa esperienza pu\u00f2 avere senso che l&#8217;unica attivit\u00e0 fluida e continua che riesco ad avere.<\/span><\/div>\n<div style=\"color: #454545; font-family: &quot;.sf ui display&quot;; line-height: normal; margin: 0px;\">\n<span style=\"font-family: &quot;.sfuidisplay&quot;; font-size: small;\">Ho una consapevolezza chiara su alcune mie abilit\u00e0 mentali, ma mentre ho chiarezza dei limiti di come la mia mente (cervello) si \u00e8 organizzata nella mia crescita, lasciando ad esempio poco spazio alla memorizzazione dei nomi propri, delle mie abilit\u00e0 proprio non ho consapevolezza essendo queste pi\u00f9 basate su un approccio intuitivo, vedo e riconosco alcuni effetti positivi, non sono in grado di stabilire la natura di alcune mie abilit\u00e0.<\/span><\/div>\n<div style=\"color: #454545; font-family: &quot;.sf ui display&quot;; line-height: normal; margin: 0px; min-height: 27.4px;\">\n<span style=\"font-size: small;\"><br \/><\/span><\/div>\n<div style=\"color: #454545; font-family: &quot;.sf ui display&quot;; line-height: normal; margin: 0px;\">\n<span style=\"font-family: &quot;.sfuidisplay&quot;; font-size: small;\">Credo che l&#8217;attivit\u00e0 di base della coscienza non consapevole di noi stessi, il se basale, considerando il lavoro di Damasio, basandosi sulla attivit\u00e0 corporea, risulta facilmente confrontabile con le abilit\u00e0 cognitive di altre persone, tutti possediamo un corpo ed \u00e8 facile riscontrare che questo corpo \u00e8 molto simile a quello degli altri, di conseguenza la consapevolezza di base del proprio s\u00e9 si pu\u00f2 dire che e simile almeno nella qualit\u00e0, dissimile nella quantit\u00e0, si appoggia all&#8217;attivit\u00e0 del nostro cervello rettile, un cervello antico comune a tutti gli animali.<\/span><\/div>\n<div style=\"color: #454545; font-family: &quot;.sf ui display&quot;; line-height: normal; margin: 0px;\">\n<span style=\"font-family: &quot;.sfuidisplay&quot;; font-size: small;\">La nostra coscienza, di grado superiore, quella del Core, per intenderci, il secondo livello di coscienza per Damasio, quello emotivo basato sull&#8217;attivit\u00e0 del cervello mammifero, impegnato nelle relazioni con gli altri, nel loro riconoscimento, ed alla base di tutti i processi di memorizzazione affettivi emotivi cognitivi, porta come conseguenza uno stretto legame continuativo, e di identificazione specifica, dove la percezione \u00e8 seguita da una stretta attivit\u00e0 di riconoscimento, che sfocia in un attaccamento duraturo all&#8217;esperienza.<\/span><\/div>\n<div style=\"color: #454545; font-family: &quot;.sf ui display&quot;; line-height: normal; margin: 0px; min-height: 27.4px;\">\n<span style=\"font-size: small;\"><br \/><\/span><\/div>\n<div style=\"color: #454545; font-family: &quot;.sf ui display&quot;; line-height: normal; margin: 0px;\">\n<span style=\"font-family: &quot;.sfuidisplay&quot;; font-size: small;\">Arrivando al terzo livello di &#171;giudizio&#187;, Per usare un termine giuridico molto diffuso, abbiamo il sei cosciente a capo del processo identificativo di noi stessi, il se autobiografico. Entrando nel mondo delle idee e delle rappresentazioni per immagini delle sequenze esperienziali che viviamo, il terzo livello di coscienza si complessifica molto, Lasciandoci in balia della nostra parte creativa, associativa, che attinge dalla esperienza di base nel primo livello di coscienza, la consapevolezza di esistere attraverso un&#8217;esperienza fisica, attinge a un secondo livello di conoscenza emotiva, dove \u00e8 forte il riconoscimento di tutte le esperienze e memorizzate ritenuti importanti nella nostra vita.<\/span><\/div>\n<div style=\"color: #454545; font-family: &quot;.sf ui display&quot;; line-height: normal; margin: 0px; min-height: 27.4px;\">\n<span style=\"font-size: small;\"><br \/><\/span><\/div>\n<div style=\"color: #454545; font-family: &quot;.sf ui display&quot;; line-height: normal; margin: 0px;\">\n<span style=\"font-family: &quot;.sfuidisplay&quot;; font-size: small;\">\u00c8 qui che mi riallaccio alla mia esperienza personale, la consapevolezza che ho dei miei limiti e Chiara per gli insuccessi che ottengo ogni volta che cerco di memorizzare dei nomi di persone, il risultato \u00e8 che perdo delle abilit\u00e0 cognitive un livello superiore, organizzativo, produttivo, tanto che il pi\u00f9 delle volte rinuncio a migliorare la mia memoria nei nomi, e mi lascio trasportare dalla mia creativit\u00e0, intuitiva, di un lavoro che non considero a livello di coscienza, ma piuttosto inconscio, complesso, con molte sfumature di tipo organizzativo linguistico, pi\u00f9 che l&#8217;intelligenza cognitivo logico o verbale.<\/span><\/div>\n<div style=\"color: #454545; font-family: &quot;.sf ui display&quot;; line-height: normal; margin: 0px; min-height: 27.4px;\">\n<span style=\"font-size: small;\"><br \/><\/span><\/div>\n<div style=\"color: #454545; font-family: &quot;.sf ui display&quot;; line-height: normal; margin: 0px;\">\n<span style=\"font-family: &quot;.sfuidisplay&quot;; font-size: small;\">Quando una persona sta a fa una cosa, pertanto che questa cosa che sa fare lo \u00e8 impegnato per anni, non si rende assolutamente conto della complessit\u00e0 operativa che sta a monte di quell&#8217;esperienza. \u00c8 incredibile vedere persone all&#8217;opera dopo anni in una certa attivit\u00e0, sono in grado di parlare d&#8217;altro mentre eseguono compiti molto complessi, la loro mente postare altrove e loro processo di memorizzazione, di automatismo, \u00e8 talmente elaborato che procede in modo autonomo, anche in attivit\u00e0 molto complesse di tipo artigianale, spesso si passano momenti di completa automatismo, al pari di tutto quello che noi conosciamo talmente bene, come camminare, che ci permette di parlare pensare comunicare contemporaneamente al camminare stesso.<\/span><\/div>\n<div style=\"color: #454545; font-family: &quot;.sf ui display&quot;; line-height: normal; margin: 0px; min-height: 27.4px;\">\n<span style=\"font-size: small;\"><br \/><\/span><\/div>\n<div style=\"color: #454545; font-family: &quot;.sf ui display&quot;; line-height: normal; margin: 0px;\">\n<span style=\"font-family: &quot;.sfuidisplay&quot;; font-size: small;\">Quello che mi prende nell&#8217;analizzare questi processi cognitivi che mi affascinano, consapevole di quanto poco lasciamo spazio a riconoscere queste abilit\u00e0 di fondo della nostra vita, in effetti solo gli studi sull&#8217;intelligenza artificiale e mettono in luce quanto \u00e8 difficile emulare il comportamento umano, \u00e8 che nel procedere nel ragionamento ci perdiamo connotando di significato di volta in volta le cose che andiamo a dire, a pensare, ricordare, con un bello di dispersione e spesso notevole ritroviamo il filo del nostro discorso..<\/span><\/div>\n<div style=\"color: #454545; font-family: &quot;.sf ui display&quot;; line-height: normal; margin: 0px;\">\n<span style=\"font-family: &quot;.sfuidisplay&quot;; font-size: small;\">La stessa attivit\u00e0 che qui in questo momento adopero, dettare al mio smartphone l&#8217;articolo che intendo scrivere, con il tentativo non sempre ben riuscito di sistemare le cose una volta dettate, \u00e8 un&#8217;attivit\u00e0 da fantascienza se consideriamo anche solo qualche decade fa, una delle mie fisse maggiori negli anni 80, era proprio quella di poter parlare col computer e che lui mettesse nero su bianco ci\u00f2 che dicevo, oggi lo faccio con estrema naturalezza, mi faccio leggere le cose, detta i miei pensieri, e il risultato e per me affascinante, Lo considero veramente un punto notevole di sviluppo di quel &#171;fare&#187;, che la mia intelligenza estremamente pigra, oggi si permette di fare.<\/span><\/div>\n<div style=\"color: #454545; font-family: &quot;.sf ui display&quot;; line-height: normal; margin: 0px; min-height: 27.4px;\">\n<span style=\"font-size: small;\"><br \/><\/span><\/div>\n<div style=\"color: #454545; font-family: &quot;.sf ui display&quot;; line-height: normal; margin: 0px;\">\n<span style=\"font-family: &quot;.sfuidisplay&quot;; font-size: small;\">L&#8217;unica cosa che emerge da questa attivit\u00e0 di dettatura, e che mi perdo pi\u00f9 facilmente ancora in quello che voglio andare a dire, cresce il numero di intuizioni, diminuisce il lavoro di concentrazione organizzativa, ma scrivendo pi\u00f9 per manifestare un mio esserci a questo mondo, mi consolo col fatto che poche persone arriveranno a questo livello di lettura e dunque per lo chiedo scusa della mia imprecisione, e della mia scarsa volont\u00e0 a vincere la pigrizia basale di rileggere ci\u00f2 che vado a dire.<\/span><\/div>\n<div style=\"color: #454545; font-family: &quot;.sf ui display&quot;; line-height: normal; margin: 0px;\">\n<span style=\"font-family: &quot;.sfuidisplay&quot;; font-size: small;\">Rimanendo negato le mie esperienze come fonte di conoscenza per me, leggendole naturalmente in chiave neuroscientifica, e quello che posso permettermi di fare, utilizzando quello che \u00e8 il modello che ritengo pi\u00f9 completo al momento tra le neuroscienze, quello di Damasio, credo che a livello affettivo emotivo si fissino proprio dei marcatori di esperienza, nel tempo ho notato cambiamenti nella mia affettivit\u00e0, un tempo nero completamente assorbito, oggi riesco a guardarmi dall&#8217;esterno, almeno in alcuni momenti, riesco a rendermi autonomo pi\u00f9 di un tempo a livello emotivo vero. La parola vero che ho aggiunto qua in fondo alla frase precedente, in verit\u00e0 \u00e8 venuta fuori dalla dettatura, non so come, fa parte di quei processi di ibridazione tra l&#8217;attivit\u00e0 cognitiva e quella Dell&#8217;intelligenza artificiale che sto adoperando nel dettare le mie parole ed i miei pensieri. Sono convinto che le nostre esperienze siano costantemente ibride, e che \u00e8 un successivo livello di consapevolezza, quello autobiografico per l&#8217;eccellenza, va ad arricchire queste esperienze in modo completo, dandogli un senso compiuto, e dunque assorbendo tutti gli ibridi che possono maturare d&#8217;oca del lavoro. Ecco il mio modo di procedere nel ragionare, qui con voi, come i momenti in cui lo faccio per conto mio, \u00e8 proprio questo, legare assieme le cose, e dare un senso compiuto a quello che emerge \u00e8 ci\u00f2 che sento che pi\u00f9 spesso accade.<\/span><\/div>\n<div style=\"color: #454545; font-family: &quot;.sf ui display&quot;; line-height: normal; margin: 0px;\">\n<span style=\"font-family: &quot;.sfuidisplay&quot;; font-size: small;\">Ad esempio il dubitare, \u00e8 una delle attivit\u00e0 pi\u00f9 difficili credo, dal momento che mette in forse ci\u00f2 che noi e consolidato, credo che ho imparato a dubitare lentamente nel tempo, partendo da posizioni molto ferme nella mia giovinezza, oggi mi sento di essere molto pi\u00f9 sfumato nei miei giudizi. Quello di avere abbassato il livello di giudizio lo considero un mio pregio, mi permetto di andare d&#8217;accordo con persone molto diverse, noto che questo giudizio al contrario si accanisce quando sono in uno stato di collera, capisco quanto sia complesso quel che ho io in testa, ed avete anche voi, una massa enorme, 86 miliardi per la precisione, di neuroni cellule che non sanno fare nulla, se non coordinare ed organizzare l&#8217;intera attivit\u00e0 della nostra vita, non sanno fare nulla di particolare se paragonate alle altre cellule che compongono il nostro corpo, ma fanno tutto assolutamente tutto, ci danno la possibilit\u00e0 di esserci e questo \u00e8 stupefacente.<\/span><\/div>\n<div style=\"color: #454545; font-family: &quot;.sf ui display&quot;; line-height: normal; margin: 0px; min-height: 27.4px;\">\n<span style=\"font-size: small;\"><br \/><\/span><\/div>\n<div style=\"color: #454545; font-family: &quot;.sf ui display&quot;; line-height: normal; margin: 0px;\">\n<span style=\"font-family: &quot;.sfuidisplay&quot;; font-size: small;\">Ho sempre cercato di superare i miei limiti, ricordo che nelle attivit\u00e0 fisiche ogni anno la scuola organizzava delle gare, era molto bravo nella velocit\u00e0, negato nella resistenza, e pure andavo a fare spesso gare di resistenza riducendomi in uno stato pietoso perch\u00e9 non avevo voglia di allenarmi a sufficienza, ma amavo vincere, continua ad amarli vincere con il minimo sforzo, il risultato \u00e8 spesso pietoso ah ah ah.<\/span><\/div>\n<div style=\"color: #454545; font-family: &quot;.sf ui display&quot;; line-height: normal; margin: 0px;\">\n<span style=\"font-family: &quot;.sfuidisplay&quot;; font-size: small;\">Riconosco che conoscersi \u00e8 bello, \u00e8 una forma di meditazione molto particolare, dove usi l&#8217;intelligenza per capire te stesso, non capisci bene cosa sia questa intelligenza che usi ma nell&#8217;auto proclamarti senti di esistere, la consapevolezza e l&#8217;unica esperienza di presenza che possediamo, immergersi nella propria consapevolezza e essenziale se si vede ridere capire il nostro esistere.<\/span><\/div>\n<div style=\"color: #454545; font-family: &quot;.sf ui display&quot;; line-height: normal; margin: 0px;\">\n<span style=\"font-family: &quot;.sfuidisplay&quot;; font-size: small;\">Ricordo che ho passato buona parte del liceo e combattere con mia mamma che mi spronava allo studio, giustamente dal suo punto di vista per poter passare gli esami mega mentre io passavo ore ore a scrivere, con la netta sensazione di scrivere della vita, della conoscenza, della saggezza. la conseguenza \u00e8 stata che la mia media era sempre molto bassa mentre la mia curiosit\u00e0 saliva alle stelle. il risultato \u00e8 che oggi sono molto molto curioso, ma molto scarso nella conoscenza in generale, la mia memoria, che definisco di &#171;RAM limitata&#187;, \u00e8 sempre pronta a soddisfare la mia collega sita in modo costruttivo, ma assolutamente pigra nell&#8217;aggiungere quantit\u00e0 di conoscenza, lasciandomi sempre come un bambino che conosce le cose per la prima volta.<\/span><\/div>\n<div style=\"color: #454545; font-family: &quot;.sf ui display&quot;; line-height: normal; margin: 0px;\">\n<span style=\"font-family: &quot;.sfuidisplay&quot;; font-size: small;\">Naturalmente a questo punto mi sono perso pi\u00f9 volte, e questo mio modo di procedere discorsivo, mi farei portare l&#8217;attenzione su tutti quei processi cognitivi che si attivano contemporaneamente durante il nostro pensare, e che alla fine ci portano a voler completare il tutto dando senso a quel che diciamo, pensiamo, scriviamo.<\/span><\/div>\n<div style=\"color: #454545; font-family: &quot;.sf ui display&quot;; line-height: normal; margin: 0px; min-height: 27.4px;\">\n<span style=\"font-size: small;\"><br \/><\/span><\/div>\n<div style=\"color: #454545; font-family: &quot;.sf ui display&quot;; line-height: normal; margin: 0px;\">\n<span style=\"font-family: &quot;.sfuidisplay&quot;; font-size: small;\">Conoscere mi lascia sempre un po&#8217; triste, conoscere porta a finire, e fino a che \u00e8 un definire la cosa \u00e8 bella, ma quando il definire diventa un finire perch\u00e9 si \u00e8 conosciuto abbastanza, sia soddisfatta la propria parte curiosa, si chiude sipario e tutto molto triste, finisce una storia, finisce una vita, \u00e8 tutto molto triste. Credo che la morte sia poi questo momento prima che si paio si chiuda abbiamo bisogno di pensare che possa continuare, un momento prima e ora, anche anni prima della fine, molte persone hanno bisogno di vedere un futuro che continua, lo considero un gesto molto puerile ma bello proprio perch\u00e9 nasce dalla spontaneit\u00e0 di un bambino che vede un senso compiuto in ogni cosa. Le cose finiscono perch\u00e9 si consumano, perch\u00e9 girano poi a vuoto, perch\u00e9 le spiegazioni che siamo dati sono sufficienti, perch\u00e9 non abbiamo pi\u00f9 tempo, perch\u00e9 dobbiamo tenere fede a certe cose, perch\u00e9 in fondo non siamo liberi. Ho molta difficolt\u00e0 a ricordare i sogni, mi capita per\u00f2 molto spesso di sognare a occhi aperti, e dunque recupero tutto il mio mondo creativo in ogni momento.<\/span><\/div>\n<div style=\"color: #454545; font-family: &quot;.sf ui display&quot;; line-height: normal; margin: 0px;\">\n<span style=\"font-family: &quot;.sfuidisplay&quot;; font-size: small;\">Dunque dai Lauri dubbi, dubitare importante perch\u00e9 permette di non affermare, di lasciar andare, di lasciar correre, ma di certezze ne abbiamo sempre bisogno e dunque allora vado ad avviare la mia giornata, fino ad ora sono rimasto nel letto a dettare quello che state leggendo, nel buio, in attesa che la luce della giornata con tutte le sue necessit\u00e0, e suoi impegni, mi permettano di scrollarmi di dosso quella pigrizia che troppo spesso mi fa pensare a voi come interlocutori privilegiati della mia vita, ma non mi fa aprire la mia mente a lavorare per voi.<\/span><\/div>\n<div style=\"color: #454545; font-family: &quot;.sf ui display&quot;; line-height: normal; margin: 0px;\">\n<span style=\"font-family: &quot;.sfuidisplay&quot;; font-size: small;\">A conclusione di questa mia pensata mi, ho la sensazione di ripetermi sempre Meldola e sono parecchio ossessivo compulsivo nel mio atteggiamento cognitivo, e non solo, ho bisogno di rimanere sul pezzo a lungo, per acquisire la consapevolezza di aver capito, compreso, per riuscire a rendere esportabile ci\u00f2 che conosco. Spero di non essermi prolungato troppo in questo ennesimo excursus, ma quest&#8217;anno pi\u00f9 che mai e per me l&#8217;anno della coscienza, e credo sia un anno che si prolungher\u00e0 ancora parecchio visto che la considero alla base di ci\u00f2 che merita veramente approfondire del cammino della scienza. Torno a ringraziare e lavori da Damasio, perch\u00e9 sebbene sia complesso e difficile, lo considero molto completo, \u00e8 un pieno tentativo di arrivare a parlare di stati mentali in un mondo di psico conoscenze a differenti velocit\u00e0. In pi\u00f9 considera il suo un lavoro che parte da presupposti corretti, aldil\u00e0 che si conoscano veramente i tre livelli Psico B\u00edo Emotivi in cui continuamente viviamo, non possiamo prescindere da questi livelli, sebbene complesse, per arrivare ad avere un modello unico e condivisibile da cui partire per declinare il senso dell&#8217;essere.<\/span><\/div>\n<div style=\"color: #454545; font-family: &quot;.sf ui display&quot;; line-height: normal; margin: 0px; min-height: 27.4px;\">\n<span style=\"font-size: small;\"><br \/><\/span><\/div>\n<\/div>\n<div style='clear: both;'><\/div>\n<\/div>\n","protected":false},"excerpt":{"rendered":"<p>Dubbi e certezze tra conscio e inconscio. Marco Chisotti.&nbsp; Mi sto accorgendo studiando le neuroscienze, che il modo pi\u00f9 semplice&#8230;<\/p>\n","protected":false},"author":1,"featured_media":0,"comment_status":"open","ping_status":"open","sticky":false,"template":"","format":"standard","meta":{"footnotes":""},"categories":[1],"tags":[],"class_list":{"0":"post-33371","1":"post","2":"type-post","3":"status-publish","4":"format-standard","6":"category-ipnosi-costruttivista"},"_links":{"self":[{"href":"https:\/\/chisotti.com\/index.php?rest_route=\/wp\/v2\/posts\/33371","targetHints":{"allow":["GET"]}}],"collection":[{"href":"https:\/\/chisotti.com\/index.php?rest_route=\/wp\/v2\/posts"}],"about":[{"href":"https:\/\/chisotti.com\/index.php?rest_route=\/wp\/v2\/types\/post"}],"author":[{"embeddable":true,"href":"https:\/\/chisotti.com\/index.php?rest_route=\/wp\/v2\/users\/1"}],"replies":[{"embeddable":true,"href":"https:\/\/chisotti.com\/index.php?rest_route=%2Fwp%2Fv2%2Fcomments&post=33371"}],"version-history":[{"count":0,"href":"https:\/\/chisotti.com\/index.php?rest_route=\/wp\/v2\/posts\/33371\/revisions"}],"wp:attachment":[{"href":"https:\/\/chisotti.com\/index.php?rest_route=%2Fwp%2Fv2%2Fmedia&parent=33371"}],"wp:term":[{"taxonomy":"category","embeddable":true,"href":"https:\/\/chisotti.com\/index.php?rest_route=%2Fwp%2Fv2%2Fcategories&post=33371"},{"taxonomy":"post_tag","embeddable":true,"href":"https:\/\/chisotti.com\/index.php?rest_route=%2Fwp%2Fv2%2Ftags&post=33371"}],"curies":[{"name":"wp","href":"https:\/\/api.w.org\/{rel}","templated":true}]}}