{"id":33374,"date":"2018-10-29T12:28:20","date_gmt":"2018-10-29T12:28:20","guid":{"rendered":"https:\/\/chisotti.com\/c-coscienza-e-coscienza-come-pensi-di-esser-cos\/"},"modified":"2018-10-29T12:28:20","modified_gmt":"2018-10-29T12:28:20","slug":"c-coscienza-e-coscienza-come-pensi-di-esser-cos","status":"publish","type":"post","link":"https:\/\/chisotti.com\/?p=33374","title":{"rendered":"C&#8217;&egrave; coscienza e coscienza: come pensi di esser cos&#8230;"},"content":{"rendered":"<div>\n<h1 data-label=\"Title\" data-placeholder=\"Title\" style=\"line-height: 34px; margin: 21px 21px 12px; padding: 0px; position: relative;\">\n<span style=\"background-color: rgba(255 , 255 , 255 , 0); font-size: 33px; font-weight: normal;\">C&#8217;\u00e8 coscienza e coscienza: come pensi di esser cosciente?<\/span><\/h1>\n<address data-label=\"Author\" data-placeholder=\"Your name\" style=\"font-style: normal; line-height: 18px; margin: 12px 21px; position: relative;\">\n<span style=\"background-color: rgba(255, 255, 255, 0);\">Marco Chisotti<\/span><\/address>\n<div style=\"counter-reset: list-1 0 list-2 0 list-3 0 list-4 0 list-5 0 list-6 0 list-7 0 list-8 0 list-9 0; margin: 0px 21px 12px; padding: 0px; word-wrap: break-word;\">\n<span style=\"background-color: rgba(255, 255, 255, 0);\"> La cosa divertente che mi \u00e8 capitato di percepire alla domanda: &#8220;cosa sai della tua coscienza?&#8221; \u00e8 che tutti hanno un parere sulla propria coscienza, questo comporta che ogni teoria della coscienza deve fare i conti con fiumi e fiumi di esperienze diverse senza mai poter arrivare a un dunque.  La stessa sensazione l&#8217;avevo quando studente di psicologia notavo che pur studiando tanto non arrivavo mai il potere di dire la mia sulla psiche senza impattare sul parere di decine e decine di pareri di altre persone che, egualmente informare sulla psicologia, dicevano la loro, preso in contropiede da pareri e alle volte anche pi\u00f9 interessanti del mio parere didattico finivo col dire che troppo spesso si parla di psicologia da supermercato, cos\u00ec credo che oggi pi\u00f9 che mai la coscienza non \u00e8 altro che la somma di tante e tante esperienze diverse alle quali diamo un senso compiuto.<\/span><\/div>\n<div style=\"counter-reset: list-1 0 list-2 0 list-3 0 list-4 0 list-5 0 list-6 0 list-7 0 list-8 0 list-9 0; margin: 0px 21px 12px; padding: 0px; word-wrap: break-word;\">\n<span style=\"background-color: rgba(255, 255, 255, 0);\">Sembra facile parlare ci coscienza, in verit\u00e0 la coscienza \u00e8 un complesso di fattori di cui noi non abbiamo consapevolezza diretta, quello che arriva a noi come consapevolezza \u00e8 una continuit\u00e0 cognitiva che ci \u00e8 offerta dal nostro inconscio come prodotto finale di uno stato mentale prodotto da tre sistemi differenti che interagiscono tra loro, quello psichico, quello biologico \u00e8 quello emotivo.<\/span><\/div>\n<div style=\"counter-reset: list-1 0 list-2 0 list-3 0 list-4 0 list-5 0 list-6 0 list-7 0 list-8 0 list-9 0; margin: 0px 21px 12px; padding: 0px; word-wrap: break-word;\">\n<span style=\"background-color: rgba(255, 255, 255, 0);\"> Il Metodo psicobioemotivo che stiamo sviluppando ultimamente con la SIC Scuola di Ipnosi Costruttivista si apre spesso a domande sulla consapevolezza, l&#8217;importanza della consapevolezza, l&#8217;utilit\u00e0 della consapevolezza, manca a proposito un modello di riferimento completo sulla coscienza ed il suo funzionamento, ci \u00e8 stato cos\u00ec semplice appoggiarci a un modello neurofisiologico  che Antonio Damasio  ha sviluppato in questi ultimi anni col suo lavoro di neuroscienziato. Il suo modello ci sembra al momento quello pi\u00f9 affine al nostro metodo, con tre livelli diversi di coscienza che qui vado a sintetizzare. <\/span><\/div>\n<div style=\"counter-reset: list-1 0 list-2 0 list-3 0 list-4 0 list-5 0 list-6 0 list-7 0 list-8 0 list-9 0; margin: 0px 21px 12px; padding: 0px; word-wrap: break-word;\">\n<span style=\"background-color: rgba(255, 255, 255, 0);\">I TRE LIVELLI DELLA COSCIENZA<\/span><\/div>\n<div style=\"counter-reset: list-1 0 list-2 0 list-3 0 list-4 0 list-5 0 list-6 0 list-7 0 list-8 0 list-9 0; margin: 0px 21px 12px; padding: 0px; word-wrap: break-word;\">\n<span style=\"background-color: rgba(255, 255, 255, 0);\">&nbsp;La teoria di Antonio Damasio si articola in livelli successivi di evoluzione della coscienza <\/span><\/div>\n<div style=\"counter-reset: list-1 0 list-2 0 list-3 0 list-4 0 list-5 0 list-6 0 list-7 0 list-8 0 list-9 0; margin: 0px 21px 12px; padding: 0px; word-wrap: break-word;\">\n<span style=\"background-color: rgba(255, 255, 255, 0);\"> Le &#8220;fasi di sviluppo del senso di s\u00e9&#8221;(1999) di Daniel Stern si rispecchiano perfettamente nella descrizione neuropsicologica di Damasio: il &#8220;proto-s\u00e9&#8221; (mappe neurali di primo ordine), la coscienza di base (mappe neurali di secondo ordine) e la coscienza estesa (che coinvolge mappe neurali di terzo ordine). <\/span><\/div>\n<div style=\"counter-reset: list-1 0 list-2 0 list-3 0 list-4 0 list-5 0 list-6 0 list-7 0 list-8 0 list-9 0; margin: 0px 21px 12px; padding: 0px; word-wrap: break-word;\">\n<span style=\"background-color: rgba(255, 255, 255, 0);\"> Dove il &#8220;s\u00e9 emergente&#8221; che Stern descrive \u00e8 concettualizzato da Damasio come &#8220;proto-s\u00e9&#8221; mentre il &#8220;nucleo del s\u00e9&#8221; di Stern \u00e8 definito come la &#8220;coscienza di base&#8221;.&nbsp;<\/span><\/div>\n<p><\/p>\n<figure class=\"\" style=\"margin: 0px 21px 16px; padding: 0px; position: relative; text-align: center;\"><span class=\"cursor_wrapper\" style=\"display: inline; left: 50%; position: absolute; z-index: -1;\"><\/span><figcaption class=\"editable_text\" data-placeholder=\"Caption (optional)\" style=\"line-height: 18px; padding: 12px 21px 0px; vertical-align: top;\"><span style=\"background-color: rgba(255, 255, 255, 0);\"><textarea class=\"editable_input\" rows=\"1\" style=\"border: none; height: 18px; line-height: 18px; margin: 0px; overflow: hidden; padding: 0px; resize: none; text-align: center; vertical-align: top; width: 648px;\" tabindex=\"-1\"><\/textarea><\/span><\/figcaption><\/figure>\n<p><\/p>\n<div style=\"counter-reset: list-1 0 list-2 0 list-3 0 list-4 0 list-5 0 list-6 0 list-7 0 list-8 0 list-9 0; margin: 0px 21px 12px; padding: 0px; word-wrap: break-word;\">\n<span style=\"background-color: rgba(255, 255, 255, 0);\"> IL PROTOSELF<\/span><\/div>\n<div style=\"counter-reset: list-1 0 list-2 0 list-3 0 list-4 0 list-5 0 list-6 0 list-7 0 list-8 0 list-9 0; margin: 0px 21px 12px; padding: 0px; word-wrap: break-word;\">\n<span style=\"background-color: rgba(255, 255, 255, 0);\">&#8226;&nbsp;Nella Teoria della coscienza di Antonio Damasio, il protoself o proto-s\u00e9 descrive un livello base di conoscenza biologicamente disponibile per il sistema nervoso degli animali.<\/span><\/div>\n<div style=\"counter-reset: list-1 0 list-2 0 list-3 0 list-4 0 list-5 0 list-6 0 list-7 0 list-8 0 list-9 0; margin: 0px 21px 12px; padding: 0px; word-wrap: break-word;\">\n<span style=\"background-color: rgba(255, 255, 255, 0);\">&#8226;&nbsp;Il protoself \u00e8 una collezione coerente di configurazioni neurali che mappano, momento per momento, lo stato del corpo, dell&#8217;organismo fisico. Non \u00e8 cosciente e riguardano solamente l&#8217;omeostasi.<\/span><\/div>\n<div style=\"counter-reset: list-1 0 list-2 0 list-3 0 list-4 0 list-5 0 list-6 0 list-7 0 list-8 0 list-9 0; margin: 0px 21px 12px; padding: 0px; word-wrap: break-word;\">\n<span style=\"background-color: rgba(255, 255, 255, 0);\">&#8226;&nbsp;Dam\u00e1sio teorizzato che il protoself degli esseri umani \u00e8 associato nel cervello umano ai nuclei del tronco cerebrale, l&#8217;ipotalamo, corteccia insulare, area corticale S2, e la corteccia parietale mediale.<\/span><\/div>\n<div style=\"counter-reset: list-1 0 list-2 0 list-3 0 list-4 0 list-5 0 list-6 0 list-7 0 list-8 0 list-9 0; margin: 0px 21px 12px; padding: 0px; word-wrap: break-word;\">\n<span style=\"background-color: rgba(255, 255, 255, 0);\">&#8226;&nbsp;E &#8216;costruito nel tronco cerebrale e che genera sentimenti che significano la nostra esistenza.<\/span><\/div>\n<div style=\"counter-reset: list-1 0 list-2 0 list-3 0 list-4 0 list-5 0 list-6 0 list-7 0 list-8 0 list-9 0; margin: 0px 21px 12px; padding: 0px; word-wrap: break-word;\">\n<span style=\"background-color: rgba(255, 255, 255, 0);\">&#8226;&nbsp;Il protoself \u00e8 il fondamento necessario del s\u00e9 globale e, in sua assenza non si pu\u00f2 essere coscienti.<\/span><\/div>\n<div style=\"counter-reset: list-1 0 list-2 0 list-3 0 list-4 0 list-5 0 list-6 0 list-7 0 list-8 0 list-9 0; margin: 0px 21px 12px; padding: 0px; word-wrap: break-word;\">\n<span style=\"background-color: rgba(255, 255, 255, 0);\">IL CORE SELF: IL SE&#8217; CENTRALE<\/span><\/div>\n<div style=\"counter-reset: list-1 0 list-2 0 list-3 0 list-4 0 list-5 0 list-6 0 list-7 0 list-8 0 list-9 0; margin: 0px 21px 12px; padding: 0px; word-wrap: break-word;\">\n<span style=\"background-color: rgba(255, 255, 255, 0);\">&#8226;&nbsp;Il &#8220;Core Self&#8221;, il nucleo del S\u00e9, \u00e8 indispensabile per la coscienza.<\/span><\/div>\n<div style=\"counter-reset: list-1 0 list-2 0 list-3 0 list-4 0 list-5 0 list-6 0 list-7 0 list-8 0 list-9 0; margin: 0px 21px 12px; padding: 0px; word-wrap: break-word;\">\n<span style=\"background-color: rgba(255, 255, 255, 0);\">&#8226;&nbsp;E&#8217; costruito da un dialogo tra il tronco cerebrale e alcune parti della corteccia cerebrale<\/span><\/div>\n<div style=\"counter-reset: list-1 0 list-2 0 list-3 0 list-4 0 list-5 0 list-6 0 list-7 0 list-8 0 list-9 0; margin: 0px 21px 12px; padding: 0px; word-wrap: break-word;\">\n<span style=\"background-color: rgba(255, 255, 255, 0);\">&#8226;&nbsp;(Il talamo \u00e8 il maggiore crocevia delle informazioni sensoriali, corporee, emozionali e cognitive.)<\/span><\/div>\n<div style=\"counter-reset: list-1 0 list-2 0 list-3 0 list-4 0 list-5 0 list-6 0 list-7 0 list-8 0 list-9 0; margin: 0px 21px 12px; padding: 0px; word-wrap: break-word;\">\n<span style=\"background-color: rgba(255, 255, 255, 0);\">LA COSCIENZA ESTESA E IL SE&#8217; AUTOBIOGRAFICO&nbsp;<\/span><\/div>\n<ul style=\"list-style: none; margin: 21px; padding: 0px;\">\n<li style=\"list-style-type: none; margin-bottom: 14px; margin-left: 30px; padding: 0px; position: relative;\"><span style=\"background-color: rgba(255, 255, 255, 0);\">Il s\u00e9 autobiografico, crea l&#8217;immagine pi\u00f9 o meno coerente della nostra storia, una narrazione con un passato vissuto e un futuro previsto. <\/span><\/li>\n<li style=\"list-style-type: none; margin-bottom: 14px; margin-left: 30px; padding: 0px; position: relative;\"><span style=\"background-color: rgba(255, 255, 255, 0);\">L&#8217;identit\u00e0 emerge dal s\u00e9 autobiografico, che crea l&#8217;immagine pi\u00f9 o meno coerente della nostra storia, una narrazione con un passato vissuto e un futuro previsto. La narrazione \u00e8 abbattuti da eventi reali, da eventi immaginari, e dalle interpretazioni del passato e re-interpretazioni di eventi.<\/span><\/li>\n<li style=\"list-style-type: none; margin-bottom: 14px; margin-left: 30px; padding: 0px; position: relative;\"><span style=\"background-color: rgba(255, 255, 255, 0);\">Il s\u00e9 autobiografico contiene moltitudini-altre persone, altri luoghi. Che il cervello, sulla base di una partnership tra le varie parti della corteccia cerebrale e del tronco cerebrale, riesce a mettere insieme.&nbsp;<\/span><\/li>\n<\/ul>\n<p><\/p>\n<figure class=\"\" style=\"margin: 0px 21px 16px; padding: 0px; position: relative; text-align: center;\"><span class=\"cursor_wrapper\" style=\"display: inline; left: 50%; position: absolute; z-index: -1;\"><\/span><figcaption class=\"editable_text\" data-placeholder=\"Caption (optional)\" style=\"line-height: 18px; padding: 12px 21px 0px; vertical-align: top;\"><span style=\"background-color: rgba(255, 255, 255, 0);\"><textarea class=\"editable_input\" rows=\"1\" style=\"border: none; height: 18px; line-height: 18px; margin: 0px; overflow: hidden; padding: 0px; resize: none; text-align: center; vertical-align: top; width: 648px;\" tabindex=\"-1\"><\/textarea><\/span><\/figcaption><\/figure>\n<p><\/p>\n<div style=\"counter-reset: list-1 0 list-2 0 list-3 0 list-4 0 list-5 0 list-6 0 list-7 0 list-8 0 list-9 0; margin: 0px 21px 12px; padding: 0px; word-wrap: break-word;\">\n<span style=\"background-color: rgba(255, 255, 255, 0);\">Mi viene da pensare se potrebbe aver un senso ragionare come su scelte e decisioni il nostro complesso sistema triarticolato Psicobioemotivo possa entrare in gioco, magari attraverso priorit\u00e0 differenti dove ognuno dei tre sistemi, in momenti diversi, mette a &#8220;capo&#8221; il sistema psico quello bio o quello emotivo, o meglio ancora possa mettere a capo di volta in volta due sistemi sul terzo, sistema psicoemotivo su quello biologico, sistema bioemotivo su quello psichico, sistema psicobio su quello emotivo.<\/span><\/div>\n<div style=\"counter-reset: list-1 0 list-2 0 list-3 0 list-4 0 list-5 0 list-6 0 list-7 0 list-8 0 list-9 0; margin: 0px 21px 12px; padding: 0px; word-wrap: break-word;\">\n<span style=\"background-color: rgba(255, 255, 255, 0);\"> Quello che vedi \u00e8 che questa complessit\u00e0 noi non la percepiamo, abbiamo come ho detto un consenso che copre ogni dubbio da parte del nostro livello di consapevolezza, la coscienza di cui siamo coscienti \u00c8 il prodotto ultimo del lavoro del nostro inconscio. La continuit\u00e0 cognitiva \u00e8 legata alla nostra esperienza, fisica ed emotiva, ed alla nostra conoscenza cognitiva, per il nostro inconscio il lavoro \u00e8 quello di mettere insieme i tre cervelli e le loro rispettive coscienze, fino a darci un prodotto completo, uno stato mentale Psicobioemotivo,  questo \u00e8 il livello finale di consapevolezza che ognuno di noi \u00e8 raggiungere. <\/span><\/div>\n<div style=\"counter-reset: list-1 0 list-2 0 list-3 0 list-4 0 list-5 0 list-6 0 list-7 0 list-8 0 list-9 0; margin: 0px 21px 12px; padding: 0px; word-wrap: break-word;\">\n<span style=\"background-color: rgba(255, 255, 255, 0);\">Sarebbe ingenuo pensare alla struttura che connette l&#8217;ambiente a noi come un prodotto semplice, il processo \u00e8 molto pi\u00f9 complesso, in ogni momento tre differenti esperienze si affacciano alla coscienza, un esperienza biologica, un&#8217;esperienza cognitiva ed un esperienza emotiva, il risultato finale \u00e8 come noi portiamo a emergere la nostra consapevolezza.&nbsp;Per spiegare questo fenomeno uso la teoria dell&#8217;emergenza studiata da&nbsp;Francisco Varela in Scienza e tecnologia della conoscenza, dove \u00e8 possibile considerare che la realt\u00e0 emerge da un processo articolato di esperienze Psicobioemotive.<\/span><\/div>\n<div style=\"counter-reset: list-1 0 list-2 0 list-3 0 list-4 0 list-5 0 list-6 0 list-7 0 list-8 0 list-9 0; margin: 0px 21px 12px; padding: 0px; word-wrap: break-word;\">\n<span style=\"background-color: rgba(255, 255, 255, 0);\"> Al momento preferisco considerare questo lavoro come un lavoro pionieristico, dove le nostre esperienze non possono essere catalogate entro questo spettro minimo di possibilit\u00e0, per\u00f2 considero altro modo fondamentale il poter assegnare tipologie diverse alla nostra esperienza per poter operare meglio in un cambiamento, senza andare interferire con altre parti di noi nel campo delle relazioni d&#8217;aiuto, \u00c8 bello vedere tanti risultati che se riescono a ottenere quando si va ad intervenire in armonia con la persona distinguendo questi tre settori, al contrario noto grande confusione quando si cerca di mettere tutto insieme.<\/span><\/div>\n<div style=\"counter-reset: list-1 0 list-2 0 list-3 0 list-4 0 list-5 0 list-6 0 list-7 0 list-8 0 list-9 0; margin: 0px 21px 12px; padding: 0px; word-wrap: break-word;\">\n<span style=\"background-color: rgba(255, 255, 255, 0);\"> La nuova ipnosi \u00e8 per noi l&#8217;ipnosi costruttivista che permette di dare risultati proprio perch\u00e9 divide questi tre ambiti, utilizzando esperienze diverse per andare ad ascoltare ed a intervenire su mondi differenti, che portano esperienze diverse che vanno trattate in modo differente, tre coscienze che parlano tre linguaggi diversi.<\/span><\/div>\n<div style=\"counter-reset: list-1 0 list-2 0 list-3 0 list-4 0 list-5 0 list-6 0 list-7 0 list-8 0 list-9 0; margin: 0px 21px 12px; padding: 0px; word-wrap: break-word;\">\n<span style=\"background-color: rgba(255, 255, 255, 0);\"> Non ci resta che domandarsi quale sistema di coscienza tendiamo ad usare ed in quali circostanze, possiamo vedere come il contesto alle volte superi il contenuto, il contesto \u00e8 complesso e articolato a tre livelli, il contenuto, la nostra coscienza, \u00e8 per continuit\u00e0 cognitiva seguente questa complessit\u00e0 tripartita.<\/span><\/div>\n<div style=\"counter-reset: list-1 0 list-2 0 list-3 0 list-4 0 list-5 0 list-6 0 list-7 0 list-8 0 list-9 0; margin: 0px 21px 12px; padding: 0px; word-wrap: break-word;\">\n<span style=\"background-color: rgba(255, 255, 255, 0);\"> In modo semplice possiamo pensare alla nostra consapevolezza come al prodotto dissociativo dei due emisferi, destro e sinistro, del nostro cervello, che si parlano l&#8217;uno con l&#8217;altro, ed allo stesso tempo alla coscienza come al prodotto  complessa di nostri tre cervelli quello rettile, quello mammifero, e la neocorteccia. <\/span><\/div>\n<div style=\"counter-reset: list-1 0 list-2 0 list-3 0 list-4 0 list-5 0 list-6 0 list-7 0 list-8 0 list-9 0; margin: 0px 21px 12px; padding: 0px; word-wrap: break-word;\">\n<span style=\"background-color: rgba(255, 255, 255, 0);\">Il mio lavoro assieme a Rosetta Minniti momento penso che possa fino a qui come sperimentazione abbiamo notato quanto sia utile muoversi con una mappa semplice, il Metodo Psicobioemotivo, anche se sottende una grande complessit\u00e0, il vantaggio \u00e8 che si pu\u00f2 andare a riequilibrare settori diversi delle nostre esperienze di vita ottenendo, soluzioni molto pi\u00f9 efficaci di quando si opera alla cieca in ambiti differenti, restituendo alle persone la loro unit\u00e0. <\/span><\/div>\n<div style=\"counter-reset: list-1 0 list-2 0 list-3 0 list-4 0 list-5 0 list-6 0 list-7 0 list-8 0 list-9 0; margin: 0px 21px 12px; padding: 0px; word-wrap: break-word;\">\n<span style=\"background-color: rgba(255, 255, 255, 0);\"> Siamo oltremodo convinti che molti problemi nascono proprio dalla confusione e dalla separazione di questi tre mondi, psichico, biologico ed emotivo, con l&#8217;ipnosi costruttivista si pu\u00f2 andare a separare questi mondi e operare in modo efficace mantenendo integra l&#8217;unit\u00e0 della persona. <\/span><\/div>\n<h3 id=\"\" style=\"counter-reset: list-1 0 list-2 0 list-3 0 list-4 0 list-5 0 list-6 0 list-7 0 list-8 0 list-9 0; margin: 18px 21px 9px; padding: 0px;\">\n <\/h3>\n<\/div>\n<div style='clear: both;'><\/div>\n<\/div>\n","protected":false},"excerpt":{"rendered":"<p>C&#8217;\u00e8 coscienza e coscienza: come pensi di esser cosciente? Marco Chisotti La cosa divertente che mi \u00e8 capitato di percepire&#8230;<\/p>\n","protected":false},"author":1,"featured_media":0,"comment_status":"open","ping_status":"open","sticky":false,"template":"","format":"standard","meta":{"footnotes":""},"categories":[1],"tags":[],"class_list":{"0":"post-33374","1":"post","2":"type-post","3":"status-publish","4":"format-standard","6":"category-ipnosi-costruttivista"},"_links":{"self":[{"href":"https:\/\/chisotti.com\/index.php?rest_route=\/wp\/v2\/posts\/33374","targetHints":{"allow":["GET"]}}],"collection":[{"href":"https:\/\/chisotti.com\/index.php?rest_route=\/wp\/v2\/posts"}],"about":[{"href":"https:\/\/chisotti.com\/index.php?rest_route=\/wp\/v2\/types\/post"}],"author":[{"embeddable":true,"href":"https:\/\/chisotti.com\/index.php?rest_route=\/wp\/v2\/users\/1"}],"replies":[{"embeddable":true,"href":"https:\/\/chisotti.com\/index.php?rest_route=%2Fwp%2Fv2%2Fcomments&post=33374"}],"version-history":[{"count":0,"href":"https:\/\/chisotti.com\/index.php?rest_route=\/wp\/v2\/posts\/33374\/revisions"}],"wp:attachment":[{"href":"https:\/\/chisotti.com\/index.php?rest_route=%2Fwp%2Fv2%2Fmedia&parent=33374"}],"wp:term":[{"taxonomy":"category","embeddable":true,"href":"https:\/\/chisotti.com\/index.php?rest_route=%2Fwp%2Fv2%2Fcategories&post=33374"},{"taxonomy":"post_tag","embeddable":true,"href":"https:\/\/chisotti.com\/index.php?rest_route=%2Fwp%2Fv2%2Ftags&post=33374"}],"curies":[{"name":"wp","href":"https:\/\/api.w.org\/{rel}","templated":true}]}}