{"id":33398,"date":"2018-10-29T12:28:27","date_gmt":"2018-10-29T12:28:27","guid":{"rendered":"https:\/\/chisotti.com\/non-ho-esclamato-abbastanza-io-da-poter-divenir\/"},"modified":"2018-10-29T12:28:27","modified_gmt":"2018-10-29T12:28:27","slug":"non-ho-esclamato-abbastanza-io-da-poter-divenir","status":"publish","type":"post","link":"https:\/\/chisotti.com\/?p=33398","title":{"rendered":"Non ho esclamato abbastanza &laquo;Io&raquo; da poter divenir &#8230;"},"content":{"rendered":"<div>\n<div class=\"graf--p graf--first\" id=\"5f75\" name=\"5f75\" style=\"margin: 0px 0px 30px;\">\n<span style=\"background-color: rgba(255, 255, 255, 0);\">&#171;Siamo ci\u00f2 che conserviamo&#187; Pablo Picasso<\/span><\/div>\n<p><\/p>\n<figure class=\"graf--figure\" id=\"cd6e\" name=\"cd6e\" style=\"box-sizing: border-box; clear: both; margin: 0px 0px 30px; outline: none; position: relative;\">\n<div class=\"aspectRatioPlaceholder is-locked\" style=\"margin: 0px auto; max-height: 727px; max-width: 700px; position: relative; width: 700px;\">\n<div class=\"aspect-ratio-fill\" style=\"padding-bottom: 727.296875px;\">\n<\/div>\n<p><img decoding=\"async\" class=\"graf-image\" data-action=\"zoom\" data-action-value=\"1*M4ZWT9yUoyRYnJMzHk1Xog.jpeg\" data-height=\"2030\" data-image-id=\"1*M4ZWT9yUoyRYnJMzHk1Xog.jpeg\" data-width=\"1954\" src=\"https:\/\/d262ilb51hltx0.cloudfront.net\/max\/1540\/1*M4ZWT9yUoyRYnJMzHk1Xog.jpeg\" style=\"border: 0px; box-sizing: border-box; display: block; height: 727px; left: 0px; margin: auto; max-width: 100%; position: absolute; top: 0px; width: 700px;\" \/><\/div>\n<\/figure>\n<p><\/p>\n<div class=\"graf--p\" id=\"734b\" name=\"734b\" style=\"margin: 0px 0px 30px;\">\n<span style=\"background-color: rgba(255, 255, 255, 0);\">Non ho esclamato abbastanza &#171;Io&#187; da poter divenir famoso, ammirato, pensato.<\/span><\/div>\n<div class=\"graf--p\" id=\"b5b2\" name=\"b5b2\" style=\"margin: 0px 0px 30px;\">\n<span style=\"background-color: rgba(255, 255, 255, 0);\">Se non ci si nomina e ci si proclama non si viene osservati ed ammirati.<\/span><\/div>\n<div class=\"graf--p\" id=\"5697\" name=\"5697\" style=\"margin: 0px 0px 30px;\">\n<span style=\"background-color: rgba(255, 255, 255, 0);\">Cosa conserviamo pi\u00f9 di tutto? Con cosa ci riconosciamo, come viviamo la nostra Identit\u00e0?<\/span><\/div>\n<div class=\"graf--p\" id=\"e2e0\" name=\"e2e0\" style=\"margin: 0px 0px 30px;\">\n<span style=\"background-color: rgba(255, 255, 255, 0);\">Conserviamo le idee sulla vita, le nostre convinzioni, conserviamo l&#8217;idea di noi stessi attraverso le nostre convinzioni.<\/span><\/div>\n<div class=\"graf--p\" id=\"2f05\" name=\"2f05\" style=\"margin: 0px 0px 30px;\">\n<span style=\"background-color: rgba(255, 255, 255, 0);\">Tutto il resto cambia, la percezione cambia, le forme cambiano, cos\u00ec le apparenze e le sostanze, invecchiamo dal primo istante di vita in un continuo cambiamento biologico che impatta in parte sul mondo psicologico, in parte su ci\u00f2 che conserviamo di noi stessi.<\/span><\/div>\n<div class=\"graf--p\" id=\"2bc7\" name=\"2bc7\" style=\"margin: 0px 0px 30px;\">\n<span style=\"background-color: rgba(255, 255, 255, 0);\">La nostra identit\u00e0 la conserviamo attraverso la nostra coerenza interna, \u00e8 la memoria che conserva per noi l&#8217;idea della nostra esperienza, e la conseguenza della nostra memoria \u00e8 la nostra identit\u00e0 che conserviamo e ci raccontiamo.<\/span><\/div>\n<div class=\"graf--p\" id=\"8d22\" name=\"8d22\" style=\"margin: 0px 0px 30px;\">\n<span style=\"background-color: rgba(255, 255, 255, 0);\">Dunque conserviamo ci\u00f2 che ci conserva, l&#8217;idea coerente con cui narriamo noi stessi, le nostre gesta, il nostro vivere.<\/span><\/div>\n<div class=\"graf--p\" id=\"f416\" name=\"f416\" style=\"margin: 0px 0px 30px;\">\n<span style=\"background-color: rgba(255, 255, 255, 0);\">Conserviamo le nostre abitudini, ci conosciamo e conserviamo attraverso gli abiti, le cose che ci circondano, gli oggetti di cui ci circondiamo, e quelli che usiamo.<\/span><\/div>\n<div class=\"graf--p\" id=\"bdaf\" name=\"bdaf\" style=\"margin: 0px 0px 30px;\">\n<span style=\"background-color: rgba(255, 255, 255, 0);\">Ma sopratutto conserviamo le persone che amiamo o abbiamo amato, conserviamo i nostri figli, le persone che ci rappresentano, portiamo con noi ci\u00f2 che ci rappresenta al meglio.<\/span><\/div>\n<div class=\"graf--p\" id=\"ac5d\" name=\"ac5d\" style=\"margin: 0px 0px 30px;\">\n<span style=\"background-color: rgba(255, 255, 255, 0);\">Conserviamo in modo ordinato, attraverso la logica, le idee ed i pensieri che si son dimostrate durature, e che divengono le nostre convinzioni.<\/span><\/div>\n<div class=\"graf--p\" id=\"4f21\" name=\"4f21\" style=\"margin: 0px 0px 30px;\">\n<span style=\"background-color: rgba(255, 255, 255, 0);\">Tutto quanto ci riguardi passa attraverso le convinzioni, che a loro volta ci guidano, ci condizionano, ci fanno essere ed esistere.<\/span><\/div>\n<div class=\"graf--p\" id=\"0b2f\" name=\"0b2f\" style=\"margin: 0px 0px 30px;\">\n<span style=\"background-color: rgba(255, 255, 255, 0);\">Ma allora dove ci sgretoliamo, ci modifichiamo, dove cambiamo?<\/span><\/div>\n<div class=\"graf--p\" id=\"5be0\" name=\"5be0\" style=\"margin: 0px 0px 30px;\">\n<span style=\"background-color: rgba(255, 255, 255, 0);\">Tutto ci\u00f2 che ci riguarda ci appartiene perch\u00e9 lo conserviamo, mentre ci\u00f2 che cambia sfugge nel mondo creativo dell&#8217;immaginario, un mondo che non conserviamo se non per pochi attimi, pochi istanti.<\/span><\/div>\n<div class=\"graf--p\" id=\"ab9d\" name=\"ab9d\" style=\"margin: 0px 0px 30px;\">\n<span style=\"background-color: rgba(255, 255, 255, 0);\">Le esperienze son prima semplici sensazioni che fissiamo attraverso le emozioni che danno corpo alle nostre convinzioni.<\/span><\/div>\n<div class=\"graf--p\" id=\"ab1a\" name=\"ab1a\" style=\"margin: 0px 0px 30px;\">\n<span style=\"background-color: rgba(255, 255, 255, 0);\">Il nuovo, il cambiamento si sviluppano alla luce dell&#8217;immaginario, della creativit\u00e0, per favorire un adattamento, una nuova viabilit\u00e0.<\/span><\/div>\n<div class=\"graf--p\" id=\"3ab3\" name=\"3ab3\" style=\"margin: 0px 0px 30px;\">\n<span style=\"background-color: rgba(255, 255, 255, 0);\">Convinzioni, logica ed immaginario son il metodo con cui diamo forma al processo della vita, la memoria ci conserva e conserva se stessa, esistiamo attraverso di lei che ci conserva.<\/span><\/div>\n<div class=\"graf--p\" id=\"1288\" name=\"1288\" style=\"margin: 0px 0px 30px;\">\n<span style=\"background-color: rgba(255, 255, 255, 0);\">Credo sia interessante guardare ci\u00f2 che conserviamo di pi\u00f9, quanto di noi stessi rimane, li \u00e8 facile trovar se stessi, \u00e8 forte il bisogno di mantener attorno a noi ci\u00f2 che ci conferma nella nostra esistenza.<\/span><\/div>\n<div class=\"graf--p graf--last\" id=\"cde6\" name=\"cde6\" style=\"margin: 0px 0px 30px;\">\n<span style=\"background-color: rgba(255, 255, 255, 0);\">Alla fine mi sembra sian poche cose quelle che conserviamo ma \u00e8 forte l&#8217;impatto che ne deriva, siamo sostanzialmente ci\u00f2 che conserviamo nella nostra storia.<\/span><\/div>\n<\/div>\n<div style='clear: both;'><\/div>\n<\/div>\n","protected":false},"excerpt":{"rendered":"<p>&#171;Siamo ci\u00f2 che conserviamo&#187; Pablo Picasso Non ho esclamato abbastanza &#171;Io&#187; da poter divenir famoso, ammirato, pensato. Se non ci&#8230;<\/p>\n","protected":false},"author":1,"featured_media":0,"comment_status":"open","ping_status":"open","sticky":false,"template":"","format":"standard","meta":{"footnotes":""},"categories":[1],"tags":[],"class_list":{"0":"post-33398","1":"post","2":"type-post","3":"status-publish","4":"format-standard","6":"category-ipnosi-costruttivista"},"_links":{"self":[{"href":"https:\/\/chisotti.com\/index.php?rest_route=\/wp\/v2\/posts\/33398","targetHints":{"allow":["GET"]}}],"collection":[{"href":"https:\/\/chisotti.com\/index.php?rest_route=\/wp\/v2\/posts"}],"about":[{"href":"https:\/\/chisotti.com\/index.php?rest_route=\/wp\/v2\/types\/post"}],"author":[{"embeddable":true,"href":"https:\/\/chisotti.com\/index.php?rest_route=\/wp\/v2\/users\/1"}],"replies":[{"embeddable":true,"href":"https:\/\/chisotti.com\/index.php?rest_route=%2Fwp%2Fv2%2Fcomments&post=33398"}],"version-history":[{"count":0,"href":"https:\/\/chisotti.com\/index.php?rest_route=\/wp\/v2\/posts\/33398\/revisions"}],"wp:attachment":[{"href":"https:\/\/chisotti.com\/index.php?rest_route=%2Fwp%2Fv2%2Fmedia&parent=33398"}],"wp:term":[{"taxonomy":"category","embeddable":true,"href":"https:\/\/chisotti.com\/index.php?rest_route=%2Fwp%2Fv2%2Fcategories&post=33398"},{"taxonomy":"post_tag","embeddable":true,"href":"https:\/\/chisotti.com\/index.php?rest_route=%2Fwp%2Fv2%2Ftags&post=33398"}],"curies":[{"name":"wp","href":"https:\/\/api.w.org\/{rel}","templated":true}]}}