{"id":33406,"date":"2018-10-29T12:28:29","date_gmt":"2018-10-29T12:28:29","guid":{"rendered":"https:\/\/chisotti.com\/da-dove-arrivano-le-parole-e-i-pensieri-ma\/"},"modified":"2018-10-29T12:28:29","modified_gmt":"2018-10-29T12:28:29","slug":"da-dove-arrivano-le-parole-e-i-pensieri-ma","status":"publish","type":"post","link":"https:\/\/chisotti.com\/?p=33406","title":{"rendered":"Da dove arrivano le parole &#8230;&#8230; e i pensieri? Ma&#8230;"},"content":{"rendered":"<div class=\"mobile-photo\">\n<a href=\"https:\/\/www.blogger.com\/blogger.g?blogID=3437509\" imageanchor=\"1\" style=\"clear: left; float: left; margin-bottom: 1em; margin-right: 1em;\"><\/a><a href=\"https:\/\/www.blogger.com\/blogger.g?blogID=3437509\" imageanchor=\"1\" style=\"clear: left; float: left; margin-bottom: 1em; margin-right: 1em;\"><\/a><a href=\"https:\/\/www.blogger.com\/blogger.g?blogID=3437509\" imageanchor=\"1\" style=\"clear: left; float: left; margin-bottom: 1em; margin-right: 1em;\"><\/a><a href=\"https:\/\/www.blogger.com\/blogger.g?blogID=3437509\" imageanchor=\"1\" style=\"clear: left; float: left; margin-bottom: 1em; margin-right: 1em;\"><\/a><a href=\"https:\/\/www.blogger.com\/blogger.g?blogID=3437509\" imageanchor=\"1\" style=\"clear: left; float: left; margin-bottom: 1em; margin-right: 1em;\"><\/a><a href=\"https:\/\/www.blogger.com\/blogger.g?blogID=3437509\" imageanchor=\"1\" style=\"clear: left; float: left; margin-bottom: 1em; margin-right: 1em;\"><\/a><a href=\"https:\/\/www.blogger.com\/blogger.g?blogID=3437509\" imageanchor=\"1\" style=\"clear: left; float: left; margin-bottom: 1em; margin-right: 1em;\"><\/a><a href=\"https:\/\/www.blogger.com\/blogger.g?blogID=3437509\" imageanchor=\"1\" style=\"clear: left; float: left; margin-bottom: 1em; margin-right: 1em;\"><\/a><a href=\"https:\/\/www.blogger.com\/blogger.g?blogID=3437509\" imageanchor=\"1\" style=\"clear: left; float: left; margin-bottom: 1em; margin-right: 1em;\"><\/a><a href=\"https:\/\/www.blogger.com\/blogger.g?blogID=3437509\" imageanchor=\"1\" style=\"clear: left; float: left; margin-bottom: 1em; margin-right: 1em;\"><\/a><a href=\"https:\/\/www.blogger.com\/blogger.g?blogID=3437509\" imageanchor=\"1\" style=\"clear: left; float: left; margin-bottom: 1em; margin-right: 1em;\"><\/a><a href=\"https:\/\/www.blogger.com\/blogger.g?blogID=3437509\" imageanchor=\"1\" style=\"clear: left; float: left; margin-bottom: 1em; margin-right: 1em;\"><\/a><a href=\"https:\/\/www.blogger.com\/blogger.g?blogID=3437509\" imageanchor=\"1\" style=\"clear: left; float: left; margin-bottom: 1em; margin-right: 1em;\"><\/a><a href=\"https:\/\/www.blogger.com\/blogger.g?blogID=3437509\" imageanchor=\"1\" style=\"clear: left; float: left; margin-bottom: 1em; margin-right: 1em;\"><\/a><a href=\"https:\/\/www.blogger.com\/blogger.g?blogID=3437509\" imageanchor=\"1\" style=\"clear: left; float: left; margin-bottom: 1em; margin-right: 1em;\"><\/a><a href=\"https:\/\/www.blogger.com\/blogger.g?blogID=3437509\" imageanchor=\"1\" style=\"clear: left; float: left; margin-bottom: 1em; margin-right: 1em;\"><\/a><a href=\"https:\/\/www.blogger.com\/blogger.g?blogID=3437509\" imageanchor=\"1\" style=\"clear: left; float: left; margin-bottom: 1em; margin-right: 1em;\"><\/a><a href=\"https:\/\/www.blogger.com\/blogger.g?blogID=3437509\" imageanchor=\"1\" style=\"clear: left; float: left; margin-bottom: 1em; margin-right: 1em;\"><\/a><a href=\"https:\/\/www.blogger.com\/blogger.g?blogID=3437509\" imageanchor=\"1\" style=\"clear: left; float: left; margin-bottom: 1em; margin-right: 1em;\"><\/a><a href=\"https:\/\/www.blogger.com\/blogger.g?blogID=3437509\" imageanchor=\"1\" style=\"clear: left; float: left; margin-bottom: 1em; margin-right: 1em;\"><\/a><a href=\"https:\/\/www.blogger.com\/blogger.g?blogID=3437509\" imageanchor=\"1\" style=\"clear: left; float: left; margin-bottom: 1em; margin-right: 1em;\"><\/a><a href=\"https:\/\/www.blogger.com\/blogger.g?blogID=3437509\" imageanchor=\"1\" style=\"clear: left; float: left; margin-bottom: 1em; margin-right: 1em;\"><\/a><a href=\"https:\/\/www.blogger.com\/blogger.g?blogID=3437509\" imageanchor=\"1\" style=\"clear: left; float: left; margin-bottom: 1em; margin-right: 1em;\"><\/a><a href=\"https:\/\/www.blogger.com\/blogger.g?blogID=3437509\" imageanchor=\"1\" style=\"clear: left; float: left; margin-bottom: 1em; margin-right: 1em;\"><\/a><a href=\"http:\/\/1.bp.blogspot.com\/-ShQCWNJ-fek\/VDaeuoXuLgI\/AAAAAAAAAUw\/530ggTuVnVA\/s1600\/image1-721544.PNG\"><img decoding=\"async\" alt=\"\" border=\"0\" id=\"BLOGGER_PHOTO_ID_6068212071876406786\" src=\"https:\/\/1.bp.blogspot.com\/-ShQCWNJ-fek\/VDaeuoXuLgI\/AAAAAAAAAUw\/530ggTuVnVA\/s320\/image1-721544.PNG\" \/><\/a><\/div>\n<div class=\"mobile-photo\">\n<\/div>\n<div style=\"-webkit-tap-highlight-color: rgba(0, 0, 0, 0); -webkit-touch-callout: none; font-family: Helvetica; font-size: 18px; white-space: pre-wrap;\">\n<span style=\"-webkit-touch-callout: none;\">Da dove arrivano le parole &#8230;&#8230; e i pensieri? Marco Chisotti<\/span><\/div>\n<div class=\"mobile-photo\">\n<br style=\"-webkit-tap-highlight-color: rgba(0, 0, 0, 0); -webkit-touch-callout: none; font-family: Helvetica; font-size: 18px;\" \/><\/div>\n<div style=\"-webkit-tap-highlight-color: rgba(0, 0, 0, 0); -webkit-touch-callout: none; font-family: Helvetica; font-size: 18px; white-space: pre-wrap;\">\n<span style=\"-webkit-touch-callout: none;\">Mi fa sempre strano pensare e parlare, e non ho ma sentito alcuno porsi la domanda &#8220;Da dove arrivano le parole?&#8221; Io me lo chiedo spesso agli altri vedo suona strano, probabilmente ho un leggero sfasamento tra un azione mentale e la sua consapevolezza per cui gli altri, non avendo lo sfasamento, vivendo un sincronismo perfetto non se ne occupano. <\/span><\/div>\n<div style=\"-webkit-tap-highlight-color: rgba(0, 0, 0, 0); -webkit-touch-callout: none; font-family: Helvetica; font-size: 18px; white-space: pre-wrap;\">\n<span style=\"-webkit-touch-callout: none;\">Quante sono le cose che facciamo o non facciamo senza raggiungere la consapevolezza? Probabilmente sono tante, come son tante le cose che si fanno intuitivamente senza usare la ragione.<\/span><\/div>\n<div style=\"-webkit-tap-highlight-color: rgba(0, 0, 0, 0); -webkit-touch-callout: none; font-family: Helvetica; font-size: 18px; white-space: pre-wrap;\">\n<span style=\"-webkit-touch-callout: none;\">Le parole son dietro di me, a me sembra, da qualche parte, poi arrivano e vengono proferite, ascoltate, sentite e provate.<\/span><\/div>\n<div style=\"-webkit-tap-highlight-color: rgba(0, 0, 0, 0); -webkit-touch-callout: none; font-family: Helvetica; font-size: 18px; white-space: pre-wrap;\">\n<span style=\"-webkit-touch-callout: none;\">Ma se anche non riesco a dire da dove arrivano sento di poter dire dove vanno a finire. Probabilmente non tutto ci \u00e8 dato a capire, alcune cose devono rimanere un mistero, solo cos\u00ec \u00e8 possibile contemplare ancora la vita ed il suo significato.&nbsp;<\/span><\/div>\n<div style=\"-webkit-tap-highlight-color: rgba(0, 0, 0, 0); -webkit-touch-callout: none; font-family: Helvetica; font-size: 18px; white-space: pre-wrap;\">\n<span style=\"-webkit-touch-callout: none;\">Be ho iniziato dicendo di non sapere da dove arrivano le parole, ma allo stesso modo posso pensare e dunque pormi la domanda da dove arrivano i pensieri.<\/span><\/div>\n<div style=\"-webkit-tap-highlight-color: rgba(0, 0, 0, 0); -webkit-touch-callout: none; font-family: Helvetica; font-size: 18px; white-space: pre-wrap;\">\n<span style=\"-webkit-touch-callout: none;\">Credo sia particolare il mondo interno delle persone, come il mondo delle parole o meglio il mondo delle idee. Ogni volta che penso credo che i miei pensieri vengano prodotti dalla mia mente inconscia la quale, a sua volta, E \u00e8 prodotta dalla biochimica del mio cervello. Sei miei pensieri derivano dalla biochimica e dunque hanno una base strutturale, credo si possa pensare che il cambiamento dei pensieri nell&#8217;arco di una vita si \u00e8 influenzato dal modo in cui il nostro cervello si modifica nel tempo. Credo che con l&#8217;andare degli anni, poco alla volta, la moltitudine di bottoni sinaptici con cui un bambino si ritrova a vivere come composto da infinite possibilit\u00e0, poco alla volta si riduca favorendo una limitata quantit\u00e0 ripercossi neuronali, creando l&#8217;effetto concentrativo, come dei punti attrattori, che il cognitivismo ha segnalato molto bene, attorno a questi punti attrattori si sviluppano delle competenze che nel tempo determinano l&#8217;effetto di saggezza, o almeno quello che noi consideriamo la saggezza, noi viviamo costantemente dell&#8217;effetto della struttura del nostro cervello, ma la mano che la nostra esperienza si accresce si accresce il mondo intorno a noi, nella direzione in cui noi rimaniamo concentrati.<\/span><\/div>\n<div style=\"-webkit-tap-highlight-color: rgba(0, 0, 0, 0); -webkit-touch-callout: none; font-family: Helvetica; font-size: 18px; white-space: pre-wrap;\">\n<span style=\"-webkit-touch-callout: none;\">Credo che sia l&#8217;uso del nostro pensiero a generare la struttura del cervello e di conseguenza la struttura del cervello influisce sulla sto pensiero, quando diventiamo vecchi, invecchiando voglio intendere, i percorsi sinaptici che abbiamo pi\u00f9 frequentato, divengono tracce neuronali stabili e questi tracciati di caporali poco alla volta divengono esclusivi, prendendo il posto di ci\u00f2 che precedentemente erano altri pensieri.<\/span><\/div>\n<div class=\"mobile-photo\">\n<br style=\"-webkit-tap-highlight-color: rgba(0, 0, 0, 0); -webkit-touch-callout: none; font-family: Helvetica; font-size: 18px;\" \/><\/div>\n<div style=\"-webkit-tap-highlight-color: rgba(0, 0, 0, 0); -webkit-touch-callout: none; font-family: Helvetica; font-size: 18px; white-space: pre-wrap;\">\n<span style=\"-webkit-touch-callout: none;\">Credo sia questo il modo con cui noi procediamo nell&#8217;esperienza generando intorno a noi la sensazione di un mondo che abbiamo costruito, ho scoperto, sempre come sensazioni, in verit\u00e0 al mondo \u00e8 solo una costruzione nostra mente, ma che ha una sua struttura, non \u00e8 possibile dunque esimersi, prescindere dalla nostra struttura interiore, anche o forse sopratutto quando la struttura \u00e8 semplicemente un insieme di neuroni dedicati nel tempo a particolari esperienze.<\/span><\/div>\n<div style=\"-webkit-tap-highlight-color: rgba(0, 0, 0, 0); -webkit-touch-callout: none; font-family: Helvetica; font-size: 18px; white-space: pre-wrap;\">\n<span style=\"-webkit-touch-callout: none;\">Con questo mio discorso voglio semplicemente dire che la sensazione di un bisogno di spiritualit\u00e0 non alle radici della spiritualit\u00e0, ammesso che esista un luogo di spirito, ma ha origine della struttura dedicata dei nostri neuroni e dello accoppiamento strutturale.<\/span><\/div>\n<div style=\"-webkit-tap-highlight-color: rgba(0, 0, 0, 0); -webkit-touch-callout: none; font-family: Helvetica; font-size: 18px; white-space: pre-wrap;\">\n<span style=\"-webkit-touch-callout: none;\">Pu\u00f2 sembrare riduzionista questo pensiero ma la sua intenzione \u00e8 quella di dare pi\u00f9 spazio alla funzionalit\u00e0, sono affascinato dall&#8217;idea che si possano cambiare tante cose della vita di una persona, credo che si debbano tenere presente tante possibilit\u00e0 per aiutare persone, neuroscienze stanno spiegando tanti fenomeni, ci\u00f2 che mi sembra chiaro perch\u00e9 non possiamo pi\u00f9 nasconderci dietro un dito, se vogliamo aiutare le persone dobbiamo tenere presente che non solo il mondo fisico cambia per un insieme di regole chimiche, fisiche, meccaniche, via dicendo, ma che anche i nostri pensieri subiscono l&#8217;influsso del cambiamento strutturale dell&#8217;elemento da cui partono, il nostro cervello.<\/span><\/div>\n<div style=\"-webkit-tap-highlight-color: rgba(0, 0, 0, 0); -webkit-touch-callout: none; font-family: Helvetica; font-size: 18px; white-space: pre-wrap;\">\n<span style=\"-webkit-touch-callout: none;\">Mi piacerebbe pensare che il nostro modo di pensare al pensiero sia troppo limitato dal metodo col quale pensiamo, dunque comode strade concrete perch\u00e9 sono affascinato dall&#8217;astrattismo del nostro cervello. Forse pu\u00f2 sembrare un paradosso parlare di astratto per quel che riguarda i pensieri, non essendo in qualche modo fatti di materia li consideriamo pi\u00f9 astratti, ma i nostri pensieri sono concreti, perlomeno considerando gli effetti che generano, dunque non possiamo considerarli astratti e dobbiamo considerarli concreti, dunque possiamo pensare che derivino da strutture altrettanto concrete.<\/span><\/div>\n<div style=\"-webkit-tap-highlight-color: rgba(0, 0, 0, 0); -webkit-touch-callout: none; font-family: Helvetica; font-size: 18px; white-space: pre-wrap;\">\n<span style=\"-webkit-touch-callout: none;\">In questo modo non togliamo nulla a quello che \u00e8 il mondo delle idee, e dunque essendo&nbsp;la spiritualit\u00e0 parte del mondo delle idee, non togliamo nulla la spiritualit\u00e0 se dobbiamo considerare che parte di essa ha come origine una forma strutturale.<\/span><\/div>\n<div style=\"-webkit-tap-highlight-color: rgba(0, 0, 0, 0); -webkit-touch-callout: none; font-family: Helvetica; font-size: 18px; white-space: pre-wrap;\">\n<span style=\"-webkit-touch-callout: none;\">\u00c8 bello pensare che nostro cervello tragga le sue origini dalla nostra capacit\u00e0 di rimanere concentrati a lungo su pensieri e sensazioni, il nostro cervello si modella attraverso gli stati mentali che viviamo, modellando a sua volta gli stati mentali che lo modellano.<\/span><\/div>\n<div style=\"-webkit-tap-highlight-color: rgba(0, 0, 0, 0); -webkit-touch-callout: none; font-family: Helvetica; font-size: 18px; white-space: pre-wrap;\">\n<span style=\"-webkit-touch-callout: none;\">Quando G. A. Kelly ha parlato di costrutti personali ha parlato in qualche modo di stati mentali, questa perlomeno l&#8217;idea che mi sono fatto del suo pensiero, o forse questa \u00e8 semplicemente l&#8217;idea a cui sono arrivato pensando il suo pensiero, i costrutti personali sono forme che strutturati in stati mentali permettono di vivere un processo. Sono esperienze allestite in un universo la nostra identit\u00e0.<\/span><\/div>\n<div style=\"-webkit-tap-highlight-color: rgba(0, 0, 0, 0); -webkit-touch-callout: none; font-family: Helvetica; font-size: 18px; white-space: pre-wrap;\">\n<span style=\"-webkit-touch-callout: none;\">I costrutti personali hanno bisogno di mantenersi in uno stato coerente, la nostra identit\u00e0 \u00e8 un costrutto ed \u00e8 processata, vissuta, attraverso una danza di costrutti di livello logico inferiore. I costrutti personali, al pari dei costrutti mentali, che io considero stati mentali, producono i pensieri nei quali ci identifichiamo, i quali pensieri producono come effetto la nostra identit\u00e0.&nbsp;<\/span><\/div>\n<div style=\"-webkit-tap-highlight-color: rgba(0, 0, 0, 0); -webkit-touch-callout: none; font-family: Helvetica; font-size: 18px; white-space: pre-wrap;\">\n<span style=\"-webkit-touch-callout: none;\">La metafora che usa Kelly dell&#8217;Uomo-scienziato ci fa comprendere che l&#8217;uomo \u00e8 in grado di rappresentarsi (costruirsi) &nbsp;l&#8217;ambiente (e non meramente di reagire ad esso), il suo scopo ultimo \u00e8 fare previsioni e controllare gli eventi, e generare dunque aspettative che ci mantengono nella condizione di poter controllare l&#8217;esperienza.<\/span><\/div>\n<div style=\"-webkit-tap-highlight-color: rgba(0, 0, 0, 0); -webkit-touch-callout: none; font-family: Helvetica; font-size: 18px; white-space: pre-wrap;\">\n<span style=\"-webkit-touch-callout: none;\">Sorge il problema del significato, o senso che abbiamo bisogno di dare alla nostra vita, e di&nbsp;come attribuire senso e conoscibilit\u00e0 a s\u00e9 ed al mondo, e questo avviene molto spesso attraverso la previsione.<\/span><\/div>\n<div style=\"-webkit-tap-highlight-color: rgba(0, 0, 0, 0); -webkit-touch-callout: none; font-family: Helvetica; font-size: 18px; white-space: pre-wrap;\">\n<span style=\"-webkit-touch-callout: none;\">Non solo quindi abbiamo la necessit\u00e0 di considerare la struttura cognitiva da cui derivano i nostri pensieri, ma dobbiamo anche considerare il metodo che il cervello usa per renderci accettabile il mondo che ci sta attorno.<\/span><\/div>\n<div style=\"-webkit-tap-highlight-color: rgba(0, 0, 0, 0); -webkit-touch-callout: none; font-family: Helvetica; font-size: 18px; white-space: pre-wrap;\">\n<span style=\"-webkit-touch-callout: none;\">Le parole arrivano da lontano si costruiscono pensieri, l&#8217;effetto che abbiamo \u00e8 il mondo delle idee, la spiritualit\u00e0 \u00e8 una necessit\u00e0 e rientra in quel bisogno predittivo in cui costantemente soggiorniamo.<\/span><\/div>\n<div style=\"-webkit-tap-highlight-color: rgba(0, 0, 0, 0); -webkit-touch-callout: none; font-family: Helvetica; font-size: 18px; white-space: pre-wrap;\">\n<span style=\"-webkit-touch-callout: none;\">A completare il tutto \u00e8 la nostra coscienza, che pur essendo sostanzialmente il prodotto di connessioni diverse di aree differenti del nostro cervello, alla fine dipende dalla coerenza della nostra identit\u00e0, o meglio del bisogno di coerenza che la nostra identit\u00e0 possiede, la quale dipende dalle nostre parole, che dipendono a loro volta dalla biochimica della struttura del nostro cervello, che dipende dalle esperienze che ci si trova a vivere, che sono il processo attraverso il quale noi costruiamo la forma da cui dipende il nostro vivere cosciente.<\/span><\/div>\n<div style=\"-webkit-tap-highlight-color: rgba(0, 0, 0, 0); -webkit-touch-callout: none; font-family: Helvetica; font-size: 18px; white-space: pre-wrap;\">\n<span style=\"-webkit-touch-callout: none;\">La forma, ci incorda Bateson, \u00e8 una&nbsp;descrizione delle cose ed il nostro vivere \u00e8 un processo, forma e processo sono inscindibili, sono entrambi parti del gioco della vita, la vita \u00e8 un continuo formare un processo, e vivere dandogli un significato, ogni forma&nbsp;&nbsp;richiama un processo, il vivere, ed ogni processo prende coscienza, consapevolezza attraverso la nostra identit\u00e0, una forma, che \u00e8 frutto dell&#8217;esperienza, un processo, \u00e8 cos\u00ec via all&#8217;infinito.<\/span><\/div>\n<div style=\"-webkit-tap-highlight-color: rgba(0, 0, 0, 0); -webkit-touch-callout: none; font-family: Helvetica; font-size: 18px; white-space: pre-wrap;\">\n<span style=\"-webkit-touch-callout: none;\">Credo si possa pensare che il parlare sia frutto del pensare che \u00e8 a sua volta frutto dell&#8217;infinito, il vivere, ma tutto questo \u00e8 solo un pensare e dunque mi torna in mente quanto sia assurdo pensar di non voler far parte di un Club che accolga tra i suoi membri uno come me, e in fondo, quanto sia anche divertente pensarlo.<\/span><\/div>\n<div style=\"-webkit-tap-highlight-color: rgba(0, 0, 0, 0); -webkit-touch-callout: none; font-family: Helvetica; font-size: 18px; white-space: pre-wrap;\">\n<span style=\"-webkit-touch-callout: none;\"><br \/><\/span><\/div>\n<div class=\"mobile-photo\">\n<a href=\"http:\/\/3.bp.blogspot.com\/-u84tRSQtEYM\/VDaev-mLz7I\/AAAAAAAAAU4\/qCNJjROiIE4\/s1600\/image2-727754.JPG\"><img decoding=\"async\" alt=\"\" border=\"0\" id=\"BLOGGER_PHOTO_ID_6068212095022518194\" src=\"https:\/\/3.bp.blogspot.com\/-u84tRSQtEYM\/VDaev-mLz7I\/AAAAAAAAAU4\/qCNJjROiIE4\/s320\/image2-727754.JPG\" \/><\/a><\/div>\n<p>Da dove arrivano le parole &#8230;&#8230; e i pensieri?<\/p>\n<div style='clear: both;'><\/div>\n<\/div>\n","protected":false},"excerpt":{"rendered":"<p>Da dove arrivano le parole &#8230;&#8230; e i pensieri? Marco Chisotti Mi fa sempre strano pensare e parlare, e non&#8230;<\/p>\n","protected":false},"author":1,"featured_media":0,"comment_status":"open","ping_status":"open","sticky":false,"template":"","format":"standard","meta":{"footnotes":""},"categories":[1],"tags":[],"class_list":{"0":"post-33406","1":"post","2":"type-post","3":"status-publish","4":"format-standard","6":"category-ipnosi-costruttivista"},"_links":{"self":[{"href":"https:\/\/chisotti.com\/index.php?rest_route=\/wp\/v2\/posts\/33406","targetHints":{"allow":["GET"]}}],"collection":[{"href":"https:\/\/chisotti.com\/index.php?rest_route=\/wp\/v2\/posts"}],"about":[{"href":"https:\/\/chisotti.com\/index.php?rest_route=\/wp\/v2\/types\/post"}],"author":[{"embeddable":true,"href":"https:\/\/chisotti.com\/index.php?rest_route=\/wp\/v2\/users\/1"}],"replies":[{"embeddable":true,"href":"https:\/\/chisotti.com\/index.php?rest_route=%2Fwp%2Fv2%2Fcomments&post=33406"}],"version-history":[{"count":0,"href":"https:\/\/chisotti.com\/index.php?rest_route=\/wp\/v2\/posts\/33406\/revisions"}],"wp:attachment":[{"href":"https:\/\/chisotti.com\/index.php?rest_route=%2Fwp%2Fv2%2Fmedia&parent=33406"}],"wp:term":[{"taxonomy":"category","embeddable":true,"href":"https:\/\/chisotti.com\/index.php?rest_route=%2Fwp%2Fv2%2Fcategories&post=33406"},{"taxonomy":"post_tag","embeddable":true,"href":"https:\/\/chisotti.com\/index.php?rest_route=%2Fwp%2Fv2%2Ftags&post=33406"}],"curies":[{"name":"wp","href":"https:\/\/api.w.org\/{rel}","templated":true}]}}