{"id":33410,"date":"2018-10-29T12:28:30","date_gmt":"2018-10-29T12:28:30","guid":{"rendered":"https:\/\/chisotti.com\/siamo-fatti-per-come-ci-siamo-costruiti-marco-chi\/"},"modified":"2018-10-29T12:28:30","modified_gmt":"2018-10-29T12:28:30","slug":"siamo-fatti-per-come-ci-siamo-costruiti-marco-chi","status":"publish","type":"post","link":"https:\/\/chisotti.com\/?p=33410","title":{"rendered":"Siamo fatti per come ci siamo costruiti. Marco Chi&#8230;"},"content":{"rendered":"<div style=\"-webkit-touch-callout: none;\">\n<a href=\"https:\/\/www.blogger.com\/blogger.g?blogID=3437509\" imageanchor=\"1\" style=\"clear: left; float: left; margin-bottom: 1em; margin-right: 1em;\"><\/a><a href=\"https:\/\/www.blogger.com\/blogger.g?blogID=3437509\" imageanchor=\"1\" style=\"clear: left; float: left; margin-bottom: 1em; margin-right: 1em;\"><\/a><a href=\"https:\/\/www.blogger.com\/blogger.g?blogID=3437509\" imageanchor=\"1\" style=\"clear: left; float: left; margin-bottom: 1em; margin-right: 1em;\"><\/a><a href=\"https:\/\/www.blogger.com\/blogger.g?blogID=3437509\" imageanchor=\"1\" style=\"clear: left; float: left; margin-bottom: 1em; margin-right: 1em;\"><\/a><a href=\"https:\/\/www.blogger.com\/blogger.g?blogID=3437509\" imageanchor=\"1\" style=\"clear: left; float: left; margin-bottom: 1em; margin-right: 1em;\"><\/a><a href=\"https:\/\/www.blogger.com\/blogger.g?blogID=3437509\" imageanchor=\"1\" style=\"clear: left; float: left; margin-bottom: 1em; margin-right: 1em;\"><\/a><a href=\"https:\/\/www.blogger.com\/blogger.g?blogID=3437509\" imageanchor=\"1\" style=\"clear: left; float: left; margin-bottom: 1em; margin-right: 1em;\"><\/a><a href=\"https:\/\/www.blogger.com\/blogger.g?blogID=3437509\" imageanchor=\"1\" style=\"clear: left; float: left; margin-bottom: 1em; margin-right: 1em;\"><\/a><a href=\"https:\/\/www.blogger.com\/blogger.g?blogID=3437509\" imageanchor=\"1\" style=\"clear: left; float: left; margin-bottom: 1em; margin-right: 1em;\"><\/a><a href=\"https:\/\/www.blogger.com\/blogger.g?blogID=3437509\" imageanchor=\"1\" style=\"clear: left; float: left; margin-bottom: 1em; margin-right: 1em;\"><\/a><a href=\"https:\/\/www.blogger.com\/blogger.g?blogID=3437509\" imageanchor=\"1\" style=\"clear: left; float: left; margin-bottom: 1em; margin-right: 1em;\"><\/a><a href=\"https:\/\/www.blogger.com\/blogger.g?blogID=3437509\" imageanchor=\"1\" style=\"clear: left; float: left; margin-bottom: 1em; margin-right: 1em;\"><\/a><a href=\"https:\/\/www.blogger.com\/blogger.g?blogID=3437509\" imageanchor=\"1\" style=\"clear: left; float: left; margin-bottom: 1em; margin-right: 1em;\"><\/a><a href=\"https:\/\/www.blogger.com\/blogger.g?blogID=3437509\" imageanchor=\"1\" style=\"clear: left; float: left; margin-bottom: 1em; margin-right: 1em;\"><\/a><a href=\"https:\/\/www.blogger.com\/blogger.g?blogID=3437509\" imageanchor=\"1\" style=\"clear: left; float: left; margin-bottom: 1em; margin-right: 1em;\"><\/a><a href=\"https:\/\/www.blogger.com\/blogger.g?blogID=3437509\" imageanchor=\"1\" style=\"clear: left; float: left; margin-bottom: 1em; margin-right: 1em;\"><\/a><a href=\"https:\/\/www.blogger.com\/blogger.g?blogID=3437509\" imageanchor=\"1\" style=\"clear: left; float: left; margin-bottom: 1em; margin-right: 1em;\"><\/a><a href=\"https:\/\/www.blogger.com\/blogger.g?blogID=3437509\" imageanchor=\"1\" style=\"clear: left; float: left; margin-bottom: 1em; margin-right: 1em;\"><\/a><a href=\"https:\/\/www.blogger.com\/blogger.g?blogID=3437509\" imageanchor=\"1\" style=\"clear: left; float: left; margin-bottom: 1em; margin-right: 1em;\"><\/a><a href=\"https:\/\/www.blogger.com\/blogger.g?blogID=3437509\" imageanchor=\"1\" style=\"clear: left; float: left; margin-bottom: 1em; margin-right: 1em;\"><\/a><a href=\"https:\/\/www.blogger.com\/blogger.g?blogID=3437509\" imageanchor=\"1\" style=\"clear: left; float: left; margin-bottom: 1em; margin-right: 1em;\"><\/a><a href=\"https:\/\/www.blogger.com\/blogger.g?blogID=3437509\" imageanchor=\"1\" style=\"clear: left; float: left; margin-bottom: 1em; margin-right: 1em;\"><\/a><a href=\"https:\/\/www.blogger.com\/blogger.g?blogID=3437509\" imageanchor=\"1\" style=\"clear: left; float: left; margin-bottom: 1em; margin-right: 1em;\"><\/a><a href=\"https:\/\/www.blogger.com\/blogger.g?blogID=3437509\" imageanchor=\"1\" style=\"clear: left; float: left; margin-bottom: 1em; margin-right: 1em;\"><\/a><span style=\"-webkit-text-size-adjust: auto; -webkit-touch-callout: none; background-color: rgba(255, 255, 255, 0);\">Siamo fatti per come ci siamo costruiti. Marco Chisotti.<\/span><\/div>\n<div style=\"-webkit-touch-callout: none;\">\n<div style=\"-webkit-touch-callout: none; text-align: center;\">\n<div style=\"text-align: start;\">\n<div class=\"separator\" style=\"clear: both; text-align: center;\">\n<a href=\"http:\/\/2.bp.blogspot.com\/-9lofEl4K3N8\/VBLAnOXqo1I\/AAAAAAAAATI\/xrBRzb0xxQ8\/s1600\/alicesett2014.jpg\" imageanchor=\"1\" style=\"margin-left: 1em; margin-right: 1em;\"><img loading=\"lazy\" decoding=\"async\" border=\"0\" height=\"320\" src=\"https:\/\/2.bp.blogspot.com\/-9lofEl4K3N8\/VBLAnOXqo1I\/AAAAAAAAATI\/xrBRzb0xxQ8\/s1600\/alicesett2014.jpg\" width=\"201\" \/><\/a><\/div>\n<p><span style=\"-webkit-text-size-adjust: auto; background-color: rgba(255, 255, 255, 0);\"><br \/><\/span><\/div>\n<div style=\"text-align: start;\">\n<span style=\"-webkit-text-size-adjust: auto; background-color: rgba(255, 255, 255, 0);\"><\/span><\/div>\n<\/div>\n<\/div>\n<div style=\"-webkit-touch-callout: none;\">\n<span style=\"-webkit-text-size-adjust: auto; -webkit-touch-callout: none; background-color: rgba(255, 255, 255, 0);\">E se fosse il nostro mondo inconscio a decidere? Se facesse aspettare la mente logica, razionale, cosciente il momento opportuno per capire? Se ci mettesse a maturare prima di comprendere, potrebbe succedere che non arriviamo in tempo, che finiamo la vita prima di finirne la comprensione. Credo sia questo il mio pensiero e condivido con voi i pensieri che lo producono.<\/span><\/div>\n<p><span style=\"-webkit-text-size-adjust: auto; background-color: rgba(255, 255, 255, 0);\"><br style=\"-webkit-touch-callout: none;\" \/><\/span><br \/>\n<\/p>\n<div style=\"-webkit-touch-callout: none;\">\n<span style=\"-webkit-text-size-adjust: auto; -webkit-touch-callout: none; background-color: rgba(255, 255, 255, 0);\">Il paradigma della complessit\u00e0.<\/span><\/div>\n<div style=\"-webkit-touch-callout: none;\">\n<span style=\"-webkit-text-size-adjust: auto; -webkit-touch-callout: none; background-color: rgba(255, 255, 255, 0);\">La complessit\u00e0 rifiuta di lasciarsi&nbsp;definire in modo semplice e sbrigativo. Esistono due poli della complessit\u00e0: un polo empirico, un polo logico. Il polo empirico \u00e8 quello dei&nbsp;disordini, dell&#8217;alea, dei grovigli, delle&nbsp;inter-retro-azioni nei fenomeni. Il<\/span><\/div>\n<div style=\"-webkit-touch-callout: none;\">\n<span style=\"-webkit-text-size-adjust: auto; -webkit-touch-callout: none; background-color: rgba(255, 255, 255, 0);\">polo logico \u00e8 quello della causalit\u00e0&nbsp;retroattiva, delle contraddizioni inaggirabili a cui conduce la conoscenza&nbsp;razionale-empirica, delle indecidibilit\u00e0 in seno a dei sistemi logici, della<\/span><\/div>\n<div style=\"-webkit-touch-callout: none;\">\n<span style=\"-webkit-text-size-adjust: auto; -webkit-touch-callout: none; background-color: rgba(255, 255, 255, 0);\">complessit\u00e0 dell&#8217;identit\u00e0.<\/span><\/div>\n<div style=\"-webkit-touch-callout: none;\">\n<span style=\"-webkit-text-size-adjust: auto; -webkit-touch-callout: none; background-color: rgba(255, 255, 255, 0);\">Edgar Morin.<\/span><\/div>\n<p><span style=\"-webkit-text-size-adjust: auto; background-color: rgba(255, 255, 255, 0);\"><br style=\"-webkit-touch-callout: none;\" \/><\/span><br \/>\n<\/p>\n<div style=\"-webkit-touch-callout: none;\">\n<span style=\"-webkit-text-size-adjust: auto; -webkit-touch-callout: none; background-color: rgba(255, 255, 255, 0);\">Paragonando la personalit\u00e0 con l&#8217;universo lo stato mentale \u00e8 possibile definirlo:<\/span><\/div>\n<p><span style=\"-webkit-text-size-adjust: auto; background-color: rgba(255, 255, 255, 0);\"><br style=\"-webkit-touch-callout: none;\" \/><\/span><br \/>\n<\/p>\n<div style=\"-webkit-touch-callout: none;\">\n<span style=\"-webkit-text-size-adjust: auto; -webkit-touch-callout: none; background-color: rgba(255, 255, 255, 0);\">Chiuso quando porta all&#8217;atteggiamento autocentrato col mondo<\/span><\/div>\n<div style=\"-webkit-touch-callout: none;\">\n<span style=\"-webkit-text-size-adjust: auto; -webkit-touch-callout: none; background-color: rgba(255, 255, 255, 0);\">Aperto&nbsp;quando porta nello stato di estasi lontano dal mondo<\/span><\/div>\n<div style=\"-webkit-touch-callout: none;\">\n<span style=\"-webkit-text-size-adjust: auto; -webkit-touch-callout: none; background-color: rgba(255, 255, 255, 0);\">Piatto quando porta ad un equilibrio funzionale verso mondo<\/span><\/div>\n<p><span style=\"-webkit-text-size-adjust: auto; background-color: rgba(255, 255, 255, 0);\"><br style=\"-webkit-touch-callout: none;\" \/><\/span><br \/>\n<\/p>\n<div style=\"-webkit-touch-callout: none;\">\n<span style=\"-webkit-text-size-adjust: auto; -webkit-touch-callout: none; background-color: rgba(255, 255, 255, 0);\">&#8220;Il vostro tempo \u00e8 limitato, per cui non lo sprecate vivendo la vita di qualcun altro. Non fatevi intrappolare dai dogmi, che vuol dire vivere seguendo i risultati del pensiero di altre persone. Non lasciate che il rumore delle opinioni altrui offuschi la vostra voce interiore. E, cosa pi\u00f9 importante di tutte, abbiate il coraggio di seguire il vostro cuore e la vostra intuizione. In qualche modo loro sanno che cosa volete realmente diventare. Tutto il resto \u00e8 secondario.&#8221;&nbsp;Steve Jobs<\/span><\/div>\n<div style=\"-webkit-touch-callout: none;\">\n<span style=\"-webkit-text-size-adjust: auto; -webkit-touch-callout: none; background-color: rgba(255, 255, 255, 0);\"> <\/span><\/div>\n<div style=\"-webkit-touch-callout: none;\">\n<span style=\"-webkit-text-size-adjust: auto; -webkit-touch-callout: none; background-color: rgba(255, 255, 255, 0);\">Siamo una storia ordinata e coerente, abbiamo un &#8220;Io&#8221; in grado di fingere, raccontare, inventare, un io che con facilit\u00e0 dimentica da dove \u00e8 partito, dimentica cose e persone, fatti e misfatti, per poi tornare a raccontare quello che ha lasciato dentro di se, costruito con cura e attenzione, che \u00e8 diventato reale, stabile e duraturo.<\/span><\/div>\n<p><span style=\"-webkit-text-size-adjust: auto; background-color: rgba(255, 255, 255, 0);\"><br style=\"-webkit-touch-callout: none;\" \/><\/span><br \/>\n<\/p>\n<div style=\"-webkit-touch-callout: none;\">\n<span style=\"-webkit-text-size-adjust: auto; -webkit-touch-callout: none; background-color: rgba(255, 255, 255, 0);\">I nostri antenati vivevano nella preistoria in un ambiente naturale seguendo le loro sensazioni: osservavano il cielo, le stelle, la luna, il sole, i fiori e i frutti, le pietre, e vivevano di ci\u00f2 che la natura dava loro. Sapevano costruire oggetti di forme e dimensioni precise senza avere conoscenza della geometria, ne della matematica si adattavamo alle variazioni del clima o migravano verso luoghi pi\u00f9 vivibili. Quando arriv\u00f2 il linguaggio e con esso l&#8217;uso di verbi e degli aggettivi la loro mente cominci\u00f2 a creare ed organizzare il mondo per come oggi lo conosciamo.&nbsp;<\/span><\/div>\n<p><span style=\"-webkit-text-size-adjust: auto; background-color: rgba(255, 255, 255, 0);\"><br style=\"-webkit-touch-callout: none;\" \/><\/span><br \/>\n<\/p>\n<div style=\"-webkit-touch-callout: none;\">\n<span style=\"-webkit-text-size-adjust: auto; -webkit-touch-callout: none; background-color: rgba(255, 255, 255, 0);\">Fu allora che cominciarono a vivere la suggestione e l&#8217;ipnosi, con il gioco degli emisferi cerebrali, nell&#8217;uso creativo della suggestione, o nella definizione precisa dell&#8217;emisfero dominante, con l&#8217;ipnosi, resa possibile dalla dissociazione innata tra ragione ed emozione, e, attraverso il linguaggio, creando esperienze cognitive e cerebrali con focalizzazioni nel tempo e nello spazio, vivendo la causa e l&#8217;effetto coi nessi causali, o implicazioni, e percependo le variazioni percettive dei colori, intensificazioni, dei profumi, dei suoni, delle sensazioni. Siamo guidati dai pensieri che una volta costruiti ed attivati proseguono facilmente e volentieri senza pi\u00f9 noi, loro creatori.<\/span><\/div>\n<p><span style=\"-webkit-text-size-adjust: auto; background-color: rgba(255, 255, 255, 0);\"><br style=\"-webkit-touch-callout: none;\" \/><\/span><br \/>\n<\/p>\n<div style=\"-webkit-touch-callout: none;\">\n<span style=\"-webkit-text-size-adjust: auto; -webkit-touch-callout: none; background-color: rgba(255, 255, 255, 0);\">Il pensare spesso non \u00e8 altro che eseguire una funzione: agire scegliendo, tra le possibilit\u00e0 che abbiamo in repertorio, quella che ci sembra migliore, usare, ma questa \u00e8 solo una parte del lavoro del nostro pensare.<\/span><\/div>\n<p><span style=\"-webkit-text-size-adjust: auto; background-color: rgba(255, 255, 255, 0);\"><br style=\"-webkit-touch-callout: none;\" \/><\/span><br \/>\n<\/p>\n<div style=\"-webkit-touch-callout: none;\">\n<span style=\"-webkit-text-size-adjust: auto; -webkit-touch-callout: none; background-color: rgba(255, 255, 255, 0);\">Ma esistono almeno tre forme diverse di pensiero, ed \u00e9 Popper che parla di tre mondi diversi:<\/span><\/div>\n<div style=\"-webkit-touch-callout: none;\">\n<span style=\"-webkit-text-size-adjust: auto; -webkit-touch-callout: none; background-color: rgba(255, 255, 255, 0);\">Il pensiero basale, il primo mondo<\/span><\/div>\n<div style=\"-webkit-touch-callout: none;\">\n<span style=\"-webkit-text-size-adjust: auto; -webkit-touch-callout: none; background-color: rgba(255, 255, 255, 0);\">Il pensiero consapevole, il secondo mondo<\/span><\/div>\n<div style=\"-webkit-touch-callout: none;\">\n<span style=\"-webkit-text-size-adjust: auto; -webkit-touch-callout: none; background-color: rgba(255, 255, 255, 0);\">Il pensiero linguistico, il terzo mondo<\/span><\/div>\n<p><span style=\"-webkit-text-size-adjust: auto; background-color: rgba(255, 255, 255, 0);\"><br style=\"-webkit-touch-callout: none;\" \/><\/span><br \/>\n<\/p>\n<div style=\"-webkit-touch-callout: none;\">\n<span style=\"-webkit-text-size-adjust: auto; -webkit-touch-callout: none; background-color: rgba(255, 255, 255, 0);\">Il primo, il pensiero basale, riguarda un attenzione di fondo inconscia, tipicamente prodotta dal nostro cervello rettile, in cui teniamo sotto controllo l&#8217;ambiente per come si presenta, sopravviviamo all&#8217;ambiente stesso, con meccanismi d&#8217;attacco o fuga, di avvicinamento o allontanamento inconsapevoli.&nbsp;<\/span><\/div>\n<div style=\"-webkit-touch-callout: none;\">\n<span style=\"-webkit-text-size-adjust: auto; -webkit-touch-callout: none; background-color: rgba(255, 255, 255, 0);\">Il mondo uno, come lo rappresenta Popper \u00e8 fatto delle cose materiali, gli oggetti del nostro mondo, le cose fisiche, potrebbe essere visto, qualcuno direbbe che \u00e9 il mondo che prende il posto dell&#8217;altro, del mondo due, quando non ci pensiamo direttamente.<\/span><\/div>\n<p><span style=\"-webkit-text-size-adjust: auto; background-color: rgba(255, 255, 255, 0);\"><br style=\"-webkit-touch-callout: none;\" \/><\/span><br \/>\n<\/p>\n<div style=\"-webkit-touch-callout: none;\">\n<span style=\"-webkit-text-size-adjust: auto; -webkit-touch-callout: none; background-color: rgba(255, 255, 255, 0);\">Il secondo, il pensiero consapevole,&nbsp;ci fa ragionare con pi\u00f9 calma e vagliare con attenzione le situazioni, ci fa decidere e scegliere. Le immagini viaggiano in modo regolare e ordinato, una dopo l&#8217;altra, come in un film dove le cose accadono con coerenza e una giusta sequenza. E&#8217; in questo secondo tipo di pensiero che si \u00e8 inserito il modo di pensare tipicamente umano dopo l&#8217;invenzione del linguaggio.&nbsp;<\/span><\/div>\n<div style=\"-webkit-touch-callout: none;\">\n<span style=\"-webkit-text-size-adjust: auto; -webkit-touch-callout: none; background-color: rgba(255, 255, 255, 0);\">Il mondo due, come lo rappresenta Popper, \u00e9 il mondo dell&#8217;esperienza soggettiva, \u00e9 il mondo delle emozioni, della volont\u00e0, dei desideri, dei sogni, dei pensieri, di ogni sentimento, \u00e8 il mondo del cervello mammifero, del prendersi cura, del proteggere e difendere, dell&#8217;appartenere.<\/span><\/div>\n<p><span style=\"-webkit-text-size-adjust: auto; background-color: rgba(255, 255, 255, 0);\"><br style=\"-webkit-touch-callout: none;\" \/><\/span><br \/>\n<\/p>\n<div style=\"-webkit-touch-callout: none;\">\n<a href=\"https:\/\/www.blogger.com\/blogger.g?blogID=3437509\" imageanchor=\"1\" style=\"clear: right; float: right; margin-bottom: 1em; margin-left: 1em;\"><\/a><a href=\"https:\/\/www.blogger.com\/blogger.g?blogID=3437509\" imageanchor=\"1\" style=\"clear: right; float: right; margin-bottom: 1em; margin-left: 1em;\"><\/a><span style=\"-webkit-text-size-adjust: auto; -webkit-touch-callout: none; background-color: rgba(255, 255, 255, 0);\">Il terzo, il pensiero linguistico, \u00e8 rappresentato dal mondo delle idee, con questo tipo di pensiero l&#8217;essere umano ha fatto uno grande cambiamento, lasciando indietro tutti gli altri esseri viventi.&nbsp;Il pensiero della neo corteccia. Le parole che esprimono immagini e concetti, possono essere dette o scritte, e soprattutto possono essere manipolate, cancellate, deformate, trasformate. Possono costruire nuovi concetti, nuove immagini, anche non esistenti nella natura, da qui \u00e8 nata la creativit\u00e0 del pensare umano. E con la precisione con cui pensieri e immagini sono stati usati con le parole, i numeri, ed i concetti, l&#8217;uomo ha creato la scienza. E&#8217; cos\u00ec esplosa la trasmissione e l&#8217;evoluzione del pensiero, si \u00e8 formata la cultura, la conoscenza oltre i confini del mondo uno e del mondo due, il&nbsp;mondo tre, che a detta di Popper \u00e9 il prodotto del pensiero dell&#8217;uomo, il linguaggio che va oltre ai segni, ci\u00f2 che rimane come concetto in un linguaggio che \u00e9 tradotto, ad esempio in una &#8220;verit\u00e0&#8221;, il ghiaccio ha una temperatura sotto gli zero gradi centigradi, almeno questo \u00e9 l&#8217;accordo, in qualunque lingua io traduca questa affermazione la verit\u00e0 descritta non cambia, \u00e8 il mondo delle misure e degli accordi musicali, economici, politici, dei credo religiosi condivisi. \u00c8 il mondo del divenire, a partire dal prodotto degli altri due mondi.<\/span><\/div>\n<p><span style=\"-webkit-text-size-adjust: auto; background-color: rgba(255, 255, 255, 0);\"><br style=\"-webkit-touch-callout: none;\" \/><\/span><br \/>\n<\/p>\n<div style=\"-webkit-touch-callout: none;\">\n<span style=\"-webkit-text-size-adjust: auto; -webkit-touch-callout: none; background-color: rgba(255, 255, 255, 0);\">Alla domanda di come si pu\u00f2 conoscere se stessi Goethe risponde:<\/span><\/div>\n<div style=\"-webkit-touch-callout: none;\">\n<span style=\"-webkit-text-size-adjust: auto; -webkit-touch-callout: none; background-color: rgba(255, 255, 255, 0);\">&#8220;Mai con la meditazione ma con l&#8217;azione. Cerca di fare il tuo dovere e saprai subito che cosa vali&#8221;. Goethe J.W.<\/span><\/div>\n<p><span style=\"-webkit-text-size-adjust: auto; background-color: rgba(255, 255, 255, 0);\"><br style=\"-webkit-touch-callout: none;\" \/><\/span><br \/>\n<\/p>\n<div style=\"-webkit-touch-callout: none;\">\n<span style=\"-webkit-text-size-adjust: auto; -webkit-touch-callout: none; background-color: rgba(255, 255, 255, 0);\"> L&#8217;io o identit\u00e0 non ha una sede specifica nel cervello, l&#8217;identit\u00e0 \u00e8 costituito in larga parte dal contesto sociale, un mondo di parole, dialoghi, discorsi, racconti che costituiscono il palcoscenico  dell&#8217;umanit\u00e0, e costituiscono la nostra identit\u00e0 narrativa, e definiscono, supportate dal corpo con le sue sensazioni, il nostro esistere nella nostra storia che \u00e8 la nostra vita.<\/span><\/div>\n<div style='clear: both;'><\/div>\n<\/div>\n","protected":false},"excerpt":{"rendered":"<p>Siamo fatti per come ci siamo costruiti. Marco Chisotti. E se fosse il nostro mondo inconscio a decidere? Se facesse&#8230;<\/p>\n","protected":false},"author":1,"featured_media":0,"comment_status":"open","ping_status":"open","sticky":false,"template":"","format":"standard","meta":{"footnotes":""},"categories":[1],"tags":[],"class_list":{"0":"post-33410","1":"post","2":"type-post","3":"status-publish","4":"format-standard","6":"category-ipnosi-costruttivista"},"_links":{"self":[{"href":"https:\/\/chisotti.com\/index.php?rest_route=\/wp\/v2\/posts\/33410","targetHints":{"allow":["GET"]}}],"collection":[{"href":"https:\/\/chisotti.com\/index.php?rest_route=\/wp\/v2\/posts"}],"about":[{"href":"https:\/\/chisotti.com\/index.php?rest_route=\/wp\/v2\/types\/post"}],"author":[{"embeddable":true,"href":"https:\/\/chisotti.com\/index.php?rest_route=\/wp\/v2\/users\/1"}],"replies":[{"embeddable":true,"href":"https:\/\/chisotti.com\/index.php?rest_route=%2Fwp%2Fv2%2Fcomments&post=33410"}],"version-history":[{"count":0,"href":"https:\/\/chisotti.com\/index.php?rest_route=\/wp\/v2\/posts\/33410\/revisions"}],"wp:attachment":[{"href":"https:\/\/chisotti.com\/index.php?rest_route=%2Fwp%2Fv2%2Fmedia&parent=33410"}],"wp:term":[{"taxonomy":"category","embeddable":true,"href":"https:\/\/chisotti.com\/index.php?rest_route=%2Fwp%2Fv2%2Fcategories&post=33410"},{"taxonomy":"post_tag","embeddable":true,"href":"https:\/\/chisotti.com\/index.php?rest_route=%2Fwp%2Fv2%2Ftags&post=33410"}],"curies":[{"name":"wp","href":"https:\/\/api.w.org\/{rel}","templated":true}]}}