{"id":33490,"date":"2018-10-29T12:28:55","date_gmt":"2018-10-29T12:28:55","guid":{"rendered":"https:\/\/chisotti.com\/lesperienza-tra-costruzione-e-conquista-chi-s\/"},"modified":"2018-10-29T12:28:55","modified_gmt":"2018-10-29T12:28:55","slug":"lesperienza-tra-costruzione-e-conquista-chi-s","status":"publish","type":"post","link":"https:\/\/chisotti.com\/?p=33490","title":{"rendered":"L&#8217;esperienza tra costruzione e conquista: chi s&#8230;"},"content":{"rendered":"<p><\/p>\n<p class=\"MsoNormal\"><b>L&#39;esperienza tra costruzione<\/b><\/p>\n<p class=\"MsoNormal\"><b>e conquista: <\/b><\/p>\n<p class=\"MsoNormal\"><b>chi siamo da dove veniamo dove andiamo.<\/b><\/p>\n<p class=\"MsoNormal\"><b>&#160;<\/b><\/p>\n<p class=\"MsoNormal\">La realt\u00e0 e i suoi pezzi, meglio detto come fare a pezzi la realt\u00e0!<b><\/b><\/p>\n<p class=\"MsoNormal\"><i>&#160;<\/i><\/p>\n<p class=\"MsoNormal\"><i>&#8220;Sotto l&#39;immagine rivelata ce n&#8217;\u00e8 un&#39;altra pi\u00f9 fedele alla realt\u00e0 e sotto quest&#39;altra un&#39;altra ancora e di nuovo un&#39;altra ancora fino alla vera immagine di quella realt\u00e0 assoluta che nessuno vedr\u00e0 mai&#8221;.<\/i><span style=\"font-style: normal;\"> (dal film: &#8220;Al di l\u00e0 delle nuvole&#8221; di W. Wenders, M. Antonioni).<\/span><\/p>\n<p class=\"MsoNormal\">&#160;<\/p>\n<p class=\"MsoNormal\">L&#39;epistemologia, dal greco episteme<span style=\"\">&#160; <\/span>(scienza) e logos (discorso), \u00e8 lo studio della teoria della conoscenza; \u00e8 quel ramo della filosofia che indaga le origini, la struttura, i metodi e la validit\u00e0 della conoscenza e, di fondo, di chi pensiamo di essere. <\/p>\n<p class=\"MsoNormal\">Per epistemologia s&#8217;intende, dunque, <i>&#8220;discorso critico intorno alle scienze&#8221; <\/i><span style=\"font-style: normal;\">(naturali e matematiche). Oggi viene anche considerata come <\/span><i>&#8220;Teoria della conoscenza&#8221;<\/i><span style=\"font-style: normal;\">, nel senso di riorganizzazione sistematica delle<\/span><i> <\/i><span style=\"font-style: normal;\">procedure che rendono possibile la descrizione, il calcolo o la<\/span><i> <\/i><span style=\"font-style: normal;\">previsione controllabile di un oggetto, base fondamentale per<span style=\"\">&#160; <\/span>l&#8217;uso della nostra intelligenza anticipatoria.<\/span><i><\/i><\/p>\n<p class=\"MsoNormal\">Per rappresentazioni epistemologiche s&#8217;intendono le rappresentazioni degli eventuali percorsi conoscitivi riguardo un particolare concetto matematico o scientifico in generale. Tali rappresentazioni possono essere messe a punto da un soggetto apprendente o da una comunit\u00e0 scientifica, in un determinato periodo storico.<\/p>\n<p class=\"MsoNormal\">Il linguaggio e la realt\u00e0 sono strettamente connessi, lo si pu\u00f2 facilmente comprendere se si considera il linguaggio non come una semplice descrizione della realt\u00e0, linguaggio denotativo, ma come co-costruttore della realt\u00e0, linguaggio connotativo. Generalmente si sostiene che il linguaggio sia una rappresentazione del mondo; noi sosteniamo esattamente l&#39;opposto, cio\u00e8 che il mondo \u00e8 un&#39;immagine<span style=\"\">&#160; <\/span>del linguaggio. Il linguaggio viene prima ed il mondo ne \u00e8 una conseguenza.<\/p>\n<p class=\"MsoNormal\">Pensiamo alla comprensione: altro non \u00e8 che un tipo di accordo complesso e riflette le condizioni che hanno reso possibili le interazioni dei partecipanti alla conversazione stessa, dove da un lato un individuo apprende e dall&#39;altra un altro insegna, sia in modo diretto, che in modo indiretto. <\/p>\n<p class=\"MsoNormal\">In realt\u00e0 la comprensione prevede un&#39;interazione istruttiva, dove esiste un oggetto esterno di conoscenza (qualcosa da apprendere), e un oggetto interno all&#39;esperienza dell&#39;individuo; ogni oggetto del reale porta con s\u00e9 una spiegazione o \u00e8 intriso di spiegazioni differenti. <\/p>\n<p class=\"MsoNormal\">Gli esseri umani conoscono il mondo tramite i messaggi trasmessi dai sensi al cervello.<\/p>\n<p class=\"MsoNormal\"><i>&#8220;Il mondo \u00e9 presente all&#39;interno della nostra mente, la quale \u00e9 all&#39;interno del nostro mondo&#8221;<\/i><span style=\"font-style: normal;\"> ci ricorda Edgar Morin nel &#8220;Metodo&#8221;; noi siamo come prigionieri del senso che abbiamo dato al nostro mondo, lo conosciamo e ce lo portiamo dietro, con tutti i suoi limiti e le sue contraddizioni, le sue spiegazioni, le scoperte e le invenzioni.<\/span><\/p>\n<p class=\"MsoNormal\">Siamo sempre pi\u00f9 imbrigliati in sistemi cognitivi, smisuratamente complessi e generalizzati, da non essere pi\u00f9 in grado di dettagliare con precisione i confini del sistema educativo di riferimento; in un individuo in crescita la comprensione segue l&#39;esperienza diretta; tutta l&#39;attivit\u00e0 umana, ancor prima di essere riflessione scientifica, comunicazione, contemplazione, o quant&#39;altro, \u00e8 una continua pratica di perseguimento delle conoscenze, attraverso la creazione di strumenti e attrezzature concettuali, fino ad arrivare ad una completa distinzione tra esperienza e conoscenza, una distinzione che ci allontana sempre di pi\u00f9 dai dati di realt\u00e0 comunemente intesi.<\/p>\n<p class=\"MsoNormal\">Emerge, dunque, sempre pi\u00f9 l&#39;esigenza di creare processi di insegnamento\/apprendimento conversazionale in questa societ\u00e0 del controllo generalizzato e della comunicazione spettacolarizzata, creare un mondo di comprensione o meglio ancora di comunione, attraverso il semplice conversare. <\/p>\n<p class=\"MsoNormal\">Conversare vuol dire dunque creare un ponte tra insegnamento e apprendimento: lo stesso ponte che separa e unisce l&#39;insegnamento e l&#39;apprendimento, consente di intercettare la radiosa essenza di un luogo comune dove l&#39;insegnamento e l&#39;apprendimento possano incontrarsi e collegarsi insieme. <\/p>\n<p class=\"MsoNormal\">Cos\u00ec si mette con facilit\u00e0 in discussione un altro famoso proverbio molto diffuso, e cio\u00e8 quello che dice <i>&#8220;vedere per credere&#8221;.<\/i><span style=\"font-style: normal;\"> E&#39; corretto dire <\/span><i>&#8220;credere per vedere!&#8221; <\/i><span style=\"font-style: normal;\">Occorre capire ci\u00f2 che si vede, diversamente non si \u00e8 in grado di vederlo. <\/span><\/p>\n<p class=\"MsoNormal\">La mente \u00e8 guidata dai sensi che son guidati dalla mente!<\/p>\n<p class=\"MsoNormal\">&#160;<\/p>\n<p> <\/p>\n<div style='clear: both;'><\/div>\n<\/div>\n","protected":false},"excerpt":{"rendered":"<p>L&#39;esperienza tra costruzione e conquista: chi siamo da dove veniamo dove andiamo. &#160; La realt\u00e0 e i suoi pezzi, meglio&#8230;<\/p>\n","protected":false},"author":1,"featured_media":0,"comment_status":"open","ping_status":"open","sticky":false,"template":"","format":"standard","meta":{"footnotes":""},"categories":[1],"tags":[],"class_list":{"0":"post-33490","1":"post","2":"type-post","3":"status-publish","4":"format-standard","6":"category-ipnosi-costruttivista"},"_links":{"self":[{"href":"https:\/\/chisotti.com\/index.php?rest_route=\/wp\/v2\/posts\/33490","targetHints":{"allow":["GET"]}}],"collection":[{"href":"https:\/\/chisotti.com\/index.php?rest_route=\/wp\/v2\/posts"}],"about":[{"href":"https:\/\/chisotti.com\/index.php?rest_route=\/wp\/v2\/types\/post"}],"author":[{"embeddable":true,"href":"https:\/\/chisotti.com\/index.php?rest_route=\/wp\/v2\/users\/1"}],"replies":[{"embeddable":true,"href":"https:\/\/chisotti.com\/index.php?rest_route=%2Fwp%2Fv2%2Fcomments&post=33490"}],"version-history":[{"count":0,"href":"https:\/\/chisotti.com\/index.php?rest_route=\/wp\/v2\/posts\/33490\/revisions"}],"wp:attachment":[{"href":"https:\/\/chisotti.com\/index.php?rest_route=%2Fwp%2Fv2%2Fmedia&parent=33490"}],"wp:term":[{"taxonomy":"category","embeddable":true,"href":"https:\/\/chisotti.com\/index.php?rest_route=%2Fwp%2Fv2%2Fcategories&post=33490"},{"taxonomy":"post_tag","embeddable":true,"href":"https:\/\/chisotti.com\/index.php?rest_route=%2Fwp%2Fv2%2Ftags&post=33490"}],"curies":[{"name":"wp","href":"https:\/\/api.w.org\/{rel}","templated":true}]}}