{"id":33530,"date":"2018-10-29T12:29:06","date_gmt":"2018-10-29T12:29:06","guid":{"rendered":"https:\/\/chisotti.com\/larte-di-comunicare-nelle-relazioni-daiuto-marc\/"},"modified":"2018-10-29T12:29:06","modified_gmt":"2018-10-29T12:29:06","slug":"larte-di-comunicare-nelle-relazioni-daiuto-marc","status":"publish","type":"post","link":"https:\/\/chisotti.com\/?p=33530","title":{"rendered":"L&#8217;ARTE DI COMUNICARE NELLE RELAZIONI D&#8217;AIUTO. Marc&#8230;"},"content":{"rendered":"<p><P style=\"margin: 0.0px 0.0px 12.0px 0.0px\"><FONT class=\"Apple-style-span\" size=\"4\"><SPAN class=\"Apple-style-span\" style=\"font-size: 16px;\">L&#8217;ARTE DI COMUNICARE NELLE RELAZIONI D&#8217;AIUTO. Marco Chisotti &#8211; Costanza Battistini<\/SPAN><\/FONT><\/P><P style=\"margin: 0.0px 0.0px 12.0px 0.0px; font: 16.0px Helvetica; min-height: 19.0px\"><BR><\/P><P style=\"margin: 0.0px 0.0px 12.0px 0.0px\"><FONT class=\"Apple-style-span\" size=\"4\"><SPAN class=\"Apple-style-span\" style=\"font-size: 16px;\">Non \u00e8 possibile non comunicare, comunichiamo sempre. Ogni silenzio, ogni piccolo cenno, esitazione sussulto costituiscono un elemento di comunicazione per le altre persone: non possiamo sottrarci dunque. Si comunica costantemente col corpo, con la voce, attraverso i contenuti che usiamo nel nostro comunicare.<\/SPAN><\/FONT><FONT class=\"Apple-style-span\" size=\"4\"><SPAN class=\"Apple-style-span\" style=\"font-size: 16px;\">&#160;<\/SPAN><\/FONT><\/P><P style=\"margin: 0.0px 0.0px 12.0px 0.0px\"><FONT class=\"Apple-style-span\" size=\"4\"><SPAN class=\"Apple-style-span\" style=\"font-size: 16px;\">Comunichiamo noi stessi, la nostra presenza, la nostra identit\u00e0, comunichiamo i nostri contenuti e contemporaneamente parliamo della nostra relazione con gli altri.<\/SPAN><\/FONT><\/P><P style=\"margin: 0.0px 0.0px 12.0px 0.0px\"><FONT class=\"Apple-style-span\" size=\"4\"><SPAN class=\"Apple-style-span\" style=\"font-size: 16px;\">Quando parliamo ci esprimiamo, non possiamo prescindere da noi stessi, da chi siamo, da come siamo, da come ci muoviamo: ogni cosa di noi passa per essere un messaggio che viene punteggiato dal nostro interlocutore, che a sua volta<\/SPAN><\/FONT><FONT class=\"Apple-style-span\" size=\"4\"><SPAN class=\"Apple-style-span\" style=\"font-size: 16px;\">&#160; <\/SPAN><\/FONT><FONT class=\"Apple-style-span\" size=\"4\"><SPAN class=\"Apple-style-span\" style=\"font-size: 16px;\">riempie la cornice di significati.<\/SPAN><\/FONT><\/P><P style=\"margin: 0.0px 0.0px 12.0px 0.0px\"><FONT class=\"Apple-style-span\" size=\"4\"><SPAN class=\"Apple-style-span\" style=\"font-size: 16px;\">Parlare, comunicare ed esprimersi sono azioni cognitive complesse che definiamo pensiero. Il pensare \u00e8 il lavoro della nostra intelligenza in ogni sua sfaccettatura, l&#8217;intelligenza \u00e8 il prodotto dei nostri cervelli: ogni relazione interpersonale \u00e8 dunque il risultato di una complessa attivit\u00e0 mentale, a sua volta frutto di un complesso lavoro cognitivo.<\/SPAN><\/FONT><\/P><P style=\"margin: 0.0px 0.0px 12.0px 0.0px\"><FONT class=\"Apple-style-span\" size=\"4\"><SPAN class=\"Apple-style-span\" style=\"font-size: 16px;\">Noi non possiamo prescindere da come siamo fatti per analizzare chi siamo, cosa facciamo, dove andiamo; ogni elemento della nostra storia passa attraverso noi stessi, la nostra conformazione. Ogni idea ed<\/SPAN><\/FONT><FONT class=\"Apple-style-span\" size=\"4\"><SPAN class=\"Apple-style-span\" style=\"font-size: 16px;\">&#160; <\/SPAN><\/FONT><FONT class=\"Apple-style-span\" size=\"4\"><SPAN class=\"Apple-style-span\" style=\"font-size: 16px;\">ogni pensiero che esprimiamo, si sviluppano attraverso l&#8217;intera nostra organizzazione fisica e mentale.<\/SPAN><\/FONT><\/P><P style=\"margin: 0.0px 0.0px 12.0px 0.0px\"><FONT class=\"Apple-style-span\" size=\"4\"><SPAN class=\"Apple-style-span\" style=\"font-size: 16px;\">La nostra conoscenza ci accompagna costantemente: noi siamo ci\u00f2 che pensiamo di essere, e pensiamo attraverso le nostre conoscenze. La conoscenza ci d\u00e0 grande libert\u00e0 tracciando al contempo i confini della nostra persona e i suoi limiti: la conoscenza obbliga ed al contempo ci libera.<\/SPAN><\/FONT><\/P><P style=\"margin: 0.0px 0.0px 12.0px 0.0px\"><FONT class=\"Apple-style-span\" size=\"4\"><SPAN class=\"Apple-style-span\" style=\"font-size: 16px;\">Non siamo macchine banali che tendono a dare sempre la stessa risposta, ma siamo esseri indipendenti, autonomi prodotti del nostro stesso pensare, il dialogo con cui conosciamo noi stessi, ci comportiamo, manifestiamo la vita in ogni sua rappresentazione.<\/SPAN><\/FONT><\/P><P style=\"margin: 0.0px 0.0px 12.0px 0.0px\"><FONT class=\"Apple-style-span\" size=\"4\"><SPAN class=\"Apple-style-span\" style=\"font-size: 16px;\">Il comunicare troppo spesso viene considerato un semplice esprimere un concetto, tanto che si dimentica la complessit\u00e0 di una tale esperienza, passando il comunicare come un insieme di tecniche, modi di fare, modi di dire. Il mondo della comunicazione inizia dove finisce quello delle tecniche, disvelando tutta l&#8217;arte che possiede.<\/SPAN><\/FONT><\/P><P style=\"margin: 0.0px 0.0px 12.0px 0.0px\"><FONT class=\"Apple-style-span\" size=\"4\"><SPAN class=\"Apple-style-span\" style=\"font-size: 16px;\">Ogni nostra esperienza \u00e8 la causa della realt\u00e0, che ne \u00e8 la conseguenza. Comunicare \u00e8 avere un esperienza con altre persone nel tentativo di condividere la realt\u00e0 stessa, e la sua conoscenza \u00e8 il frutto di questo orientamento condiviso.<\/SPAN><\/FONT><\/P><P style=\"margin: 0.0px 0.0px 12.0px 0.0px\"><FONT class=\"Apple-style-span\" size=\"4\"><SPAN class=\"Apple-style-span\" style=\"font-size: 16px;\">In ogni comunicazione ci sono sempre una persona che guida la conversazione ed un&#8217;altra che ne viene guidata; le due diverse intenzioni portano per\u00f2 ad una complessa danza, che crea il senso stesso del capire l&#8217;altro, ci\u00f2 che intende, che pensa, che crede, ed il risultato ultimo sono la condivisione e la comprensione.<\/SPAN><\/FONT><\/P><P style=\"margin: 0.0px 0.0px 12.0px 0.0px\"><FONT class=\"Apple-style-span\" size=\"4\"><SPAN class=\"Apple-style-span\" style=\"font-size: 16px;\">Il possesso<\/SPAN><\/FONT><FONT class=\"Apple-style-span\" size=\"4\"><SPAN class=\"Apple-style-span\" style=\"font-size: 16px;\">&#160; <\/SPAN><\/FONT><FONT class=\"Apple-style-span\" size=\"4\"><SPAN class=\"Apple-style-span\" style=\"font-size: 16px;\">non appartiene all&#8217;arte del comunicare, poich\u00e9 non esiste espressione di pensiero unidirezionale: ogni pensiero, anche il nostro intimo dialogo interno, \u00e8 sempre un dialogo dove son presenti almeno due interlocutori.<\/SPAN><\/FONT><\/P><P style=\"margin: 0.0px 0.0px 12.0px 0.0px\"><FONT class=\"Apple-style-span\" size=\"4\"><SPAN class=\"Apple-style-span\" style=\"font-size: 16px;\">Viviamo attraverso la nostra identit\u00e0. Si potrebbe dire che la vita \u00e8 ospitata nella nostra storia, che \u00e8 presente nell&#8217;idea di noi stessi. Il pensare \u00e8 strettamente collegato al sentire: percepiamo e contemporaneamente pensiamo, riconosciamo ci\u00f2 che percepiamo nello stesso tempo in cui lo pensiamo e dato che tendiamo a collegare il pensiero ad uno scopo, ogni percezione porta con s\u00e9 un riconoscimento ed un utilizzo, cos\u00ec la comunicazione porta con s\u00e9 sempre un fine.<\/SPAN><\/FONT><\/P><P style=\"margin: 0.0px 0.0px 12.0px 0.0px\"><FONT class=\"Apple-style-span\" size=\"4\"><SPAN class=\"Apple-style-span\" style=\"font-size: 16px;\">Viviamo in uno stato mentale, in un equilibrio tra pensieri e sensazioni dove gli uni accompagnano gli altri, ed i nostri pensieri sono costantemente influenzati dai nostri umori cos\u00ec come gli umori sono influenzati dai nostri pensieri.<\/SPAN><\/FONT><\/P><P style=\"margin: 0.0px 0.0px 12.0px 0.0px\"><FONT class=\"Apple-style-span\" size=\"4\"><SPAN class=\"Apple-style-span\" style=\"font-size: 16px;\">Un buon ascoltatore \u00e8 un buon comunicatore: quando ascolti lasci da parte le tue credenze, le tue convinzioni ed il tuo mondo per entrare in quello dell&#8217;altro.<\/SPAN><\/FONT><\/P><P style=\"margin: 0.0px 0.0px 12.0px 0.0px\"><FONT class=\"Apple-style-span\" size=\"4\"><SPAN class=\"Apple-style-span\" style=\"font-size: 16px;\">Chi non fa esperienze non ha un mondo in cui vivere. L&#8217;esperienza comunicativa diviene fondamentale per chi ha poche occasioni di relazionarsi con gli altri, e l&#8217;ascolto diventa il momento in cui si costruiscono e definiscono reciprocamente i nostri mondi e la nostra identit\u00e0.<\/SPAN><\/FONT><\/P><P style=\"margin: 0.0px 0.0px 12.0px 0.0px\"><FONT class=\"Apple-style-span\" size=\"4\"><SPAN class=\"Apple-style-span\" style=\"font-size: 16px;\">Il reale scopo della comunicazione \u00e8 condividere una realt\u00e0, e nelle relazioni d&#8217;aiuto \u00e8 fondamentale rispettare il principio etico della filosofia costruttivista (Heinz von Foerster) che suggerisce di dare alla persona molte possibilit\u00e0 di scelta, ed il principio estetico che indica come unica strada per la conoscenza quella dell&#8217;azione: se vuoi conoscere devi agire.<\/SPAN><\/FONT><\/P><P style=\"margin: 0.0px 0.0px 12.0px 0.0px; font: 16.0px Helvetica; min-height: 19.0px\"><BR><\/P><P style=\"margin: 0.0px 0.0px 12.0px 0.0px; font: 16.0px Helvetica; min-height: 19.0px\"><BR><\/P><P style=\"margin: 0.0px 0.0px 12.0px 0.0px; font: 20.0px Helvetica; min-height: 24.0px\"><BR><\/P><P style=\"margin: 0.0px 0.0px 12.0px 0.0px; font: 20.0px Helvetica; min-height: 24.0px\"><BR class=\"khtml-block-placeholder\"><\/P><\/p>\n<div style='clear: both;'><\/div>\n<\/div>\n","protected":false},"excerpt":{"rendered":"<p>L&#8217;ARTE DI COMUNICARE NELLE RELAZIONI D&#8217;AIUTO. Marco Chisotti &#8211; Costanza BattistiniNon \u00e8 possibile non comunicare, comunichiamo sempre. Ogni silenzio, ogni&#8230;<\/p>\n","protected":false},"author":1,"featured_media":0,"comment_status":"open","ping_status":"open","sticky":false,"template":"","format":"standard","meta":{"footnotes":""},"categories":[1],"tags":[],"class_list":{"0":"post-33530","1":"post","2":"type-post","3":"status-publish","4":"format-standard","6":"category-ipnosi-costruttivista"},"_links":{"self":[{"href":"https:\/\/chisotti.com\/index.php?rest_route=\/wp\/v2\/posts\/33530","targetHints":{"allow":["GET"]}}],"collection":[{"href":"https:\/\/chisotti.com\/index.php?rest_route=\/wp\/v2\/posts"}],"about":[{"href":"https:\/\/chisotti.com\/index.php?rest_route=\/wp\/v2\/types\/post"}],"author":[{"embeddable":true,"href":"https:\/\/chisotti.com\/index.php?rest_route=\/wp\/v2\/users\/1"}],"replies":[{"embeddable":true,"href":"https:\/\/chisotti.com\/index.php?rest_route=%2Fwp%2Fv2%2Fcomments&post=33530"}],"version-history":[{"count":0,"href":"https:\/\/chisotti.com\/index.php?rest_route=\/wp\/v2\/posts\/33530\/revisions"}],"wp:attachment":[{"href":"https:\/\/chisotti.com\/index.php?rest_route=%2Fwp%2Fv2%2Fmedia&parent=33530"}],"wp:term":[{"taxonomy":"category","embeddable":true,"href":"https:\/\/chisotti.com\/index.php?rest_route=%2Fwp%2Fv2%2Fcategories&post=33530"},{"taxonomy":"post_tag","embeddable":true,"href":"https:\/\/chisotti.com\/index.php?rest_route=%2Fwp%2Fv2%2Ftags&post=33530"}],"curies":[{"name":"wp","href":"https:\/\/api.w.org\/{rel}","templated":true}]}}